{"id":80487,"date":"2020-03-28T10:42:31","date_gmt":"2020-03-28T14:42:31","guid":{"rendered":"https:\/\/linitiative.ca\/International\/situation-du-covid-19-deux-nouvelles-guerisons-28-nouveaux-cas\/"},"modified":"2020-03-28T10:42:31","modified_gmt":"2020-03-28T14:42:31","slug":"situation-du-covid-19-deux-nouvelles-guerisons-28-nouveaux-cas","status":"publish","type":"post","link":"https:\/\/linitiative.ca\/International\/situation-du-covid-19-deux-nouvelles-guerisons-28-nouveaux-cas\/","title":{"rendered":"Situation du Covid-19:  Deux nouvelles gu\u00e9risons, 28 nouveaux cas"},"content":{"rendered":"<div class=\"td-post-featured-image\"><a href=\"https:\/\/i1.wp.com\/www.sidwaya.info\/wp-content\/uploads\/2020\/03\/prmartial.jpg?fit=720%2C480&amp;ssl=1\" data-caption=\"\"><img loading=\"lazy\" decoding=\"async\" width=\"696\" height=\"464\" class=\"entry-thumb td-modal-image\" src=\"https:\/\/i1.wp.com\/www.sidwaya.info\/wp-content\/uploads\/2020\/03\/prmartial.jpg?resize=696,464&amp;ssl=1\" srcset=\"https:\/\/i1.wp.com\/www.sidwaya.info\/wp-content\/uploads\/2020\/03\/prmartial.jpg?w=720&amp;ssl=1 720w, https:\/\/i1.wp.com\/www.sidwaya.info\/wp-content\/uploads\/2020\/03\/prmartial.jpg?resize=300%2C200&amp;ssl=1 300w, https:\/\/i1.wp.com\/www.sidwaya.info\/wp-content\/uploads\/2020\/03\/prmartial.jpg?resize=696,464&amp;ssl=1 696w, https:\/\/i1.wp.com\/www.sidwaya.info\/wp-content\/uploads\/2020\/03\/prmartial.jpg?resize=630%2C420&amp;ssl=1 630w, https:\/\/i1.wp.com\/www.sidwaya.info\/wp-content\/uploads\/2020\/03\/prmartial.jpg?resize=600%2C400&amp;ssl=1 600w\" sizes=\"auto, (max-width: 696px) 100vw, 696px\" alt=\"\" title=\"prmartial\"\/><\/a><\/div>\n<p><strong>Dans son traditionnel point de presse, le coordonnateur national de la r\u00e9ponse \u00e0 l\u2019\u00e9pid\u00e9mie de Coronavirus, le Pr Martial Ou\u00e9draogo a annonc\u00e9 le 27 mars 2020 que le nombre de cas confirm\u00e9s s\u2019\u00e9l\u00e8ve \u00e0 180 soit une hausse de 28 cas en une journ\u00e9e.<\/strong><\/p>\n<p>La pand\u00e9mie du coronavirus gagne du terrain au Burkina Faso. De 152 cas le 25 mars, le pays compte d\u00e9sormais 180 cas de coronavirus (26 mars), soit 28 nouveaux cas en une journ\u00e9e. Selon le coordonnateur national de la r\u00e9ponse \u00e0 l\u2019\u00e9pid\u00e9mie de Coronavirus, sur les 180 cas, il y a 133 hommes et 57 femmes. Il a annonc\u00e9 \u00e9galement lors de son point de presse, le 27 mars 2020 que la cellule a enregistr\u00e9 deux nouvelles gu\u00e9risons portant \u00e0 12 le nombre de personnes gu\u00e9ries depuis le d\u00e9but de la pand\u00e9mie. Ces deux personnes sont une femme de 57 ans et un homme de 49 ans\u00a0; tous les deux, membres de l\u2019\u00e9quipe m\u00e9dicale.\u00a0 <em>\u00ab\u00a0Sur les 180 cas, nous avons 147 \u00e0 Ouagadougou, 13 \u00e0 Bobo-Dioulasso, 6 \u00e0 Boromo, 2 \u00e0 Hound\u00e9, un \u00e0 Banfora, un \u00e0 Manga, 3 \u00e0 D\u00e9dougou, 2 \u00e0 Zorgho, 3 \u00e0 Sindou, 2 \u00e0 Kongoussi\u00a0\u00bb,<\/em> a dit Pr Ou\u00e9draogo. Il a d\u00e9clar\u00e9 que Sindou et Kongoussi sont les nouveaux foyers de la maladie. Le conf\u00e9rencier a par ailleurs fait cas de deux nouveaux d\u00e9c\u00e8s portant \u00e0 9 le nombre total. A ce propos, il a confi\u00e9 qu\u2019il s\u2019agit deux hommes de 80 ans et de 68 ans. Les deux \u00e9taient hypertendus, a-t-il pr\u00e9cis\u00e9. Pr Martial Ou\u00e9draogo a toujours concernant les deux d\u00e9c\u00e8s fait savoir qu\u2019ils sont arriv\u00e9s dans une situation de d\u00e9tresse respiratoire. Il a saisi l\u2019occasion pour rappeler les sympt\u00f4mes de la maladie. <em>\u00ab\u00a0Les gens doivent alerter afin qu\u2019on puisse organiser la prise en charge \u00e0 temps\u00a0\u00bb,<\/em> a-t-il dit. Concernant les diff\u00e9rentes activit\u00e9s du centre des op\u00e9rations qu\u2019il dirige, Pr Martial Ou\u00e9draogo a fait comprendre certains endroits ont \u00e9t\u00e9 d\u00e9sinfect\u00e9s. Il s\u2019agit du minist\u00e8re en charge de l\u2019\u00e9ducation nationale, de la direction g\u00e9n\u00e9rale de l\u2019\u00e9ducation nationale, de la Caisse nationale de s\u00e9curit\u00e9 sociale, la Banque commerciale du Burkina, 40 domiciles et l\u2019a\u00e9roport international de Ouagadougou.<\/p>\n<p>A propos des mesures d\u2019accompagnement des entreprises, le porte-parole du gouvernement, Remis Fulgance Dandjinou a d\u00e9clar\u00e9 que les r\u00e9flexions sont en cours.<\/p>\n<p><strong>Gaspard BAYALA<\/strong><\/p>\n<div class=\"td-a-rec td-a-rec-id-content_bottom tdi_30_7f7 td_block_template_1\"><img loading=\"lazy\" decoding=\"async\" class=\"aligncenter size-full wp-image-9623\" src=\"https:\/\/www.sidwaya.info\/wp-content\/uploads\/2019\/06\/Projet-bannie\u0300re-Orange-mobile.jpg\" alt=\"\" width=\"728\" height=\"81\"\/><\/div>\n<p>Auteur: BS. Sidwaya<br \/>\n<a href=\"https:\/\/www.sidwaya.info\/blog\/2020\/03\/28\/situation-du-covid-19-deux-nouvelles-guerisons-28-nouveaux-cas\/\">Cliquez ici pour lire l&rsquo;article depuis sa source.<\/a><\/p>\n","protected":false},"excerpt":{"rendered":"<p>Dans son traditionnel point de presse, le coordonnateur national de la r\u00e9ponse \u00e0 l\u2019\u00e9pid\u00e9mie de Coronavirus, le Pr Martial Ou\u00e9draogo a annonc\u00e9 le 27 mars 2020 que le nombre de cas confirm\u00e9s s\u2019\u00e9l\u00e8ve \u00e0 180 soit une hausse de 28 cas en une journ\u00e9e. La pand\u00e9mie du coronavirus gagne du terrain au Burkina Faso. De [&hellip;]<\/p>\n","protected":false},"author":1816,"featured_media":0,"comment_status":"closed","ping_status":"closed","sticky":false,"template":"","format":"standard","meta":{"fifu_image_url":"","fifu_image_alt":"","footnotes":""},"categories":[73,81],"tags":[],"class_list":["post-80487","post","type-post","status-publish","format-standard","hentry","category-actualite","category-burkina-faso"],"_links":{"self":[{"href":"https:\/\/linitiative.ca\/International\/wp-json\/wp\/v2\/posts\/80487","targetHints":{"allow":["GET"]}}],"collection":[{"href":"https:\/\/linitiative.ca\/International\/wp-json\/wp\/v2\/posts"}],"about":[{"href":"https:\/\/linitiative.ca\/International\/wp-json\/wp\/v2\/types\/post"}],"author":[{"embeddable":true,"href":"https:\/\/linitiative.ca\/International\/wp-json\/wp\/v2\/users\/1816"}],"replies":[{"embeddable":true,"href":"https:\/\/linitiative.ca\/International\/wp-json\/wp\/v2\/comments?post=80487"}],"version-history":[{"count":0,"href":"https:\/\/linitiative.ca\/International\/wp-json\/wp\/v2\/posts\/80487\/revisions"}],"wp:attachment":[{"href":"https:\/\/linitiative.ca\/International\/wp-json\/wp\/v2\/media?parent=80487"}],"wp:term":[{"taxonomy":"category","embeddable":true,"href":"https:\/\/linitiative.ca\/International\/wp-json\/wp\/v2\/categories?post=80487"},{"taxonomy":"post_tag","embeddable":true,"href":"https:\/\/linitiative.ca\/International\/wp-json\/wp\/v2\/tags?post=80487"}],"curies":[{"name":"wp","href":"https:\/\/api.w.org\/{rel}","templated":true}]}}