{"id":80491,"date":"2020-03-28T09:18:05","date_gmt":"2020-03-28T13:18:05","guid":{"rendered":"https:\/\/linitiative.ca\/International\/la-beac-necarte-pas-une-recession-en-afrique-centrale\/"},"modified":"2020-03-28T09:18:05","modified_gmt":"2020-03-28T13:18:05","slug":"la-beac-necarte-pas-une-recession-en-afrique-centrale","status":"publish","type":"post","link":"https:\/\/linitiative.ca\/International\/la-beac-necarte-pas-une-recession-en-afrique-centrale\/","title":{"rendered":"La Beac n\u2019\u00e9carte pas une r\u00e9cession en Afrique centrale"},"content":{"rendered":"<div readability=\"32\">\n<p>Publi\u00e9 le 28.03.2020 \u00e0 14h18 par APA News<\/p>\n<\/div>\n<div readability=\"69\">\n<p>Le Comit\u00e9 de politique mon\u00e9taire (CPM) de la Banque des \u00c9tats de l\u2019Afrique centrale (Beac) table sur un sc\u00e9nario de forte baisse du taux de croissance, \u00abvoire une r\u00e9cession\u00bb dans la sous-r\u00e9gion en raison de la crise sanitaire relative au Covid-19.Dans un communiqu\u00e9 parvenu samedi \u00e0 APA, cons\u00e9cutif \u00e0 une session tenue vendredi par visioconf\u00e9rence, il projette \u00e9galement une remont\u00e9e des pressions inflationnistes, toutefois contenue sous le seuil communautaire de 3%, une d\u00e9gradation du solde budg\u00e9taire, base engagements, qui redeviendrait n\u00e9gatif.<\/p>\n<p>Le CPM envisage \u00e9galement un creusement significatif du compte courant et une augmentation de la masse mon\u00e9taire pour un taux de couverture ext\u00e9rieure de la monnaie qui \u00e9voluerait lui aussi \u00e0 la baisse.<\/p>\n<p>Dispos\u00e9e \u00e0 prendre toutes les mesures compl\u00e9mentaires pour assurer la stabilit\u00e9 mon\u00e9taire interne et externe occasionn\u00e9es par la pand\u00e9mie du coronavirus, il annonce la r\u00e9vision \u00e0 la baisse de 25 points de base du taux d\u2019int\u00e9r\u00eat des appels d\u2019offres, et de 100 points de base du taux de la facilit\u00e9 du pr\u00eat marginal.<\/p>\n<p>Portant par ailleurs les injections de liquidit\u00e9s de 240 \u00e0 500 milliards FCFA dans la sous-r\u00e9gion, avec possibilit\u00e9 de les relever en tant que de besoin, le CPM de l\u2019Institut d\u2019\u00e9mission compte en outre \u00e9largir la gamme des effets priv\u00e9s admis comme collat\u00e9raux des op\u00e9rations de politique mon\u00e9taire, et revoir \u00e0 la baisse les niveaux des d\u00e9cotes applicables aux effets publics et priv\u00e9s pour les op\u00e9ration de refinancement \u00e0 la Beac.<\/p>\n<p>Ces mesures d\u2019att\u00e9nuation de l\u2019impact de la pand\u00e9mie interviennent au lendemain de l\u2019annonce, par la Banque centrale, du fait de la crise sanitaire actuelle li\u00e9e \u00e0 la pand\u00e9mie du Covid-19 sur la liquidit\u00e9 du syst\u00e8me bancaire sous-r\u00e9gional, qu\u2019elle n\u2019interviendra pas sur le march\u00e9 mon\u00e9taire au titre de son op\u00e9ration principale du 26 mars au 2 avril 2020. La Beac a cependant invit\u00e9 les \u00e9tablissements de cr\u00e9dit \u00e0 besoins de financement \u00e0 se diriger vers son guichet de la facilit\u00e9 de pr\u00eat marginal aux conditions usuelles.<\/p>\n<\/div>\n<p>Auteur: APA News<br \/>\n<a href=\"https:\/\/www.journalducameroun.com\/la-beac-necarte-pas-une-recession-en-afrique-centrale\/\">Cliquez ici pour lire l&rsquo;article depuis sa source.<\/a><\/p>\n","protected":false},"excerpt":{"rendered":"<p>Publi\u00e9 le 28.03.2020 \u00e0 14h18 par APA News Le Comit\u00e9 de politique mon\u00e9taire (CPM) de la Banque des \u00c9tats de l\u2019Afrique centrale (Beac) table sur un sc\u00e9nario de forte baisse du taux de croissance, \u00abvoire une r\u00e9cession\u00bb dans la sous-r\u00e9gion en raison de la crise sanitaire relative au Covid-19.Dans un communiqu\u00e9 parvenu samedi \u00e0 APA, [&hellip;]<\/p>\n","protected":false},"author":1965,"featured_media":0,"comment_status":"closed","ping_status":"closed","sticky":false,"template":"","format":"standard","meta":{"fifu_image_url":"","fifu_image_alt":"","footnotes":""},"categories":[73,82],"tags":[],"class_list":["post-80491","post","type-post","status-publish","format-standard","hentry","category-actualite","category-cameroun"],"_links":{"self":[{"href":"https:\/\/linitiative.ca\/International\/wp-json\/wp\/v2\/posts\/80491","targetHints":{"allow":["GET"]}}],"collection":[{"href":"https:\/\/linitiative.ca\/International\/wp-json\/wp\/v2\/posts"}],"about":[{"href":"https:\/\/linitiative.ca\/International\/wp-json\/wp\/v2\/types\/post"}],"author":[{"embeddable":true,"href":"https:\/\/linitiative.ca\/International\/wp-json\/wp\/v2\/users\/1965"}],"replies":[{"embeddable":true,"href":"https:\/\/linitiative.ca\/International\/wp-json\/wp\/v2\/comments?post=80491"}],"version-history":[{"count":0,"href":"https:\/\/linitiative.ca\/International\/wp-json\/wp\/v2\/posts\/80491\/revisions"}],"wp:attachment":[{"href":"https:\/\/linitiative.ca\/International\/wp-json\/wp\/v2\/media?parent=80491"}],"wp:term":[{"taxonomy":"category","embeddable":true,"href":"https:\/\/linitiative.ca\/International\/wp-json\/wp\/v2\/categories?post=80491"},{"taxonomy":"post_tag","embeddable":true,"href":"https:\/\/linitiative.ca\/International\/wp-json\/wp\/v2\/tags?post=80491"}],"curies":[{"name":"wp","href":"https:\/\/api.w.org\/{rel}","templated":true}]}}