{"id":80504,"date":"2020-03-28T03:44:51","date_gmt":"2020-03-28T07:44:51","guid":{"rendered":"https:\/\/linitiative.ca\/International\/coronavirus-589-personnels-sanitaires-pour-renforcer-les-effectifs\/"},"modified":"2020-03-28T03:44:51","modified_gmt":"2020-03-28T07:44:51","slug":"coronavirus-589-personnels-sanitaires-pour-renforcer-les-effectifs","status":"publish","type":"post","link":"https:\/\/linitiative.ca\/International\/coronavirus-589-personnels-sanitaires-pour-renforcer-les-effectifs\/","title":{"rendered":"Coronavirus : 589 personnels sanitaires pour renforcer les effectifs"},"content":{"rendered":"<div id=\"the-post\">\n<div class=\"featured-area featured-area-inner\"><img loading=\"lazy\" decoding=\"async\" width=\"512\" height=\"307\" src=\"https:\/\/ecomatin.net\/wp-content\/uploads\/2020\/03\/personnel-de-sant\u00e9.jpg\" class=\"attachment-jannah-image-post size-jannah-image-post wp-post-image\" alt=\"\" srcset=\"https:\/\/ecomatin.net\/wp-content\/uploads\/2020\/03\/personnel-de-sant&#xE9;.jpg 512w, https:\/\/ecomatin.net\/wp-content\/uploads\/2020\/03\/personnel-de-sant&#xE9;-300x180.jpg 300w\" sizes=\"auto, (max-width: 512px) 100vw, 512px\" data-attachment-id=\"14472\" data-permalink=\"https:\/\/ecomatin.net\/coronavirus-589-personnels-sanitaires-pour-renforcer-les-effectifs\/personnel-de-sante\/\" data-orig-file=\"https:\/\/ecomatin.net\/wp-content\/uploads\/2020\/03\/personnel-de-sant&#xE9;.jpg\" data-orig-size=\"512,307\" data-comments-opened=\"0\" data-image-meta=\"{&quot;aperture&quot;:&quot;0&quot;,&quot;credit&quot;:&quot;&quot;,&quot;camera&quot;:&quot;&quot;,&quot;caption&quot;:&quot;&quot;,&quot;created_timestamp&quot;:&quot;0&quot;,&quot;copyright&quot;:&quot;&quot;,&quot;focal_length&quot;:&quot;0&quot;,&quot;iso&quot;:&quot;0&quot;,&quot;shutter_speed&quot;:&quot;0&quot;,&quot;title&quot;:&quot;&quot;,&quot;orientation&quot;:&quot;0&quot;}\" data-image-title=\"personnel de sant&#xE9;\" data-image-description=\"\" data-medium-file=\"https:\/\/ecomatin.net\/wp-content\/uploads\/2020\/03\/personnel-de-sant&#xE9;-300x180.jpg\" data-large-file=\"https:\/\/ecomatin.net\/wp-content\/uploads\/2020\/03\/personnel-de-sant&#xE9;.jpg\"\/><\/div>\n<div class=\"entry-content entry clearfix\" readability=\"42.8156156156\">\n<p>L\u2019on pourrait croire que le communiqu\u00e9 de presse du ministre de la Sant\u00e9 publique, Manaouda Malachie, en date du 23 mars qui invitait \u00ab\u00a0l\u2019ensemble des personnes en cours d\u2019int\u00e9gration, \u00e0 bien vouloir se pr\u00e9senter sans d\u00e9lais dans les d\u00e9l\u00e9gations r\u00e9gionales de la sant\u00e9 publique de leur choix, en vue de leur mobilisation imm\u00e9diate dans le cadre de la riposte au Covid-19\u00a0\u00bb, n\u2019est pas tomb\u00e9 dans les oreilles de sourds.<\/p>\n<p>La r\u00e9action de son homologue de la Fonction publique et de la R\u00e9forme administrative, Joseph Le, ne s\u2019est pas fait attendre. Lors d\u2019un point de presse qu\u2019il a donn\u00e9 le 24 mars, il s\u2019exprime en ces termes : \u00ab\u00a0je viens de mettre \u00e0 la disposition du ministre de la Sant\u00e9 publique, par une s\u00e9rie de d\u00e9cisions, 589 personnels de sant\u00e9, de tous les rangs de sp\u00e9cialit\u00e9s, afin qu\u2019ils soient mobilis\u00e9s dans le cadre de la lutte contre cette pand\u00e9mie\u00a0\u00bb. Cette d\u00e9cision s\u2019inscrit dans le cadre des mesures gouvernementales de riposte contre le coronavirus.<\/p>\n<p>Durant ce point de presse aussi, le ministre Joseph Le s\u2019est aussi exprim\u00e9 sur les mesures prisent par son d\u00e9partement minist\u00e9riel dans la lutte contre cette pand\u00e9mie.<\/p>\n<div class=\"awac-wrapper awac widget posts-list-widget-13\">\n<h4 class=\"widget-title\">Recent Posts<\/h4>\n<\/div>\n<\/div>\n<\/div>\n<div readability=\"31.5\">\n<div class=\"container-wrapper subscribe-widget widget-inner-wrap subscribe-widget-content\" id=\"post-newsletter\" readability=\"33\">\n<h4>With Product You Purchase<\/h4>\n<h3>Subscribe to our mailing list to get the new updates!<\/h3>\n<p>Lorem ipsum dolor sit amet, consectetur.<\/p>\n<\/div>\n<\/div>\n<p>Auteur: EcoMatin<br \/>\n<a href=\"https:\/\/ecomatin.net\/coronavirus-589-personnels-sanitaires-pour-renforcer-les-effectifs\/\">Cliquez ici pour lire l&rsquo;article depuis sa source.<\/a><\/p>\n","protected":false},"excerpt":{"rendered":"<p>L\u2019on pourrait croire que le communiqu\u00e9 de presse du ministre de la Sant\u00e9 publique, Manaouda Malachie, en date du 23 mars qui invitait \u00ab\u00a0l\u2019ensemble des personnes en cours d\u2019int\u00e9gration, \u00e0 bien vouloir se pr\u00e9senter sans d\u00e9lais dans les d\u00e9l\u00e9gations r\u00e9gionales de la sant\u00e9 publique de leur choix, en vue de leur mobilisation imm\u00e9diate dans le [&hellip;]<\/p>\n","protected":false},"author":1969,"featured_media":80505,"comment_status":"closed","ping_status":"closed","sticky":false,"template":"","format":"standard","meta":{"fifu_image_url":"","fifu_image_alt":"","footnotes":""},"categories":[82,78],"tags":[],"class_list":["post-80504","post","type-post","status-publish","format-standard","has-post-thumbnail","hentry","category-cameroun","category-economie"],"_links":{"self":[{"href":"https:\/\/linitiative.ca\/International\/wp-json\/wp\/v2\/posts\/80504","targetHints":{"allow":["GET"]}}],"collection":[{"href":"https:\/\/linitiative.ca\/International\/wp-json\/wp\/v2\/posts"}],"about":[{"href":"https:\/\/linitiative.ca\/International\/wp-json\/wp\/v2\/types\/post"}],"author":[{"embeddable":true,"href":"https:\/\/linitiative.ca\/International\/wp-json\/wp\/v2\/users\/1969"}],"replies":[{"embeddable":true,"href":"https:\/\/linitiative.ca\/International\/wp-json\/wp\/v2\/comments?post=80504"}],"version-history":[{"count":0,"href":"https:\/\/linitiative.ca\/International\/wp-json\/wp\/v2\/posts\/80504\/revisions"}],"wp:featuredmedia":[{"embeddable":true,"href":"https:\/\/linitiative.ca\/International\/wp-json\/"}],"wp:attachment":[{"href":"https:\/\/linitiative.ca\/International\/wp-json\/wp\/v2\/media?parent=80504"}],"wp:term":[{"taxonomy":"category","embeddable":true,"href":"https:\/\/linitiative.ca\/International\/wp-json\/wp\/v2\/categories?post=80504"},{"taxonomy":"post_tag","embeddable":true,"href":"https:\/\/linitiative.ca\/International\/wp-json\/wp\/v2\/tags?post=80504"}],"curies":[{"name":"wp","href":"https:\/\/api.w.org\/{rel}","templated":true}]}}