{"id":81151,"date":"2020-04-04T07:34:28","date_gmt":"2020-04-04T11:34:28","guid":{"rendered":"https:\/\/linitiative.ca\/International\/fonds-covid-19-lydec-apporte-une-contribution-de-10-millions-de-dirhams\/"},"modified":"2020-04-04T07:34:28","modified_gmt":"2020-04-04T11:34:28","slug":"fonds-covid-19-lydec-apporte-une-contribution-de-10-millions-de-dirhams","status":"publish","type":"post","link":"https:\/\/linitiative.ca\/International\/fonds-covid-19-lydec-apporte-une-contribution-de-10-millions-de-dirhams\/","title":{"rendered":"Fonds Covid-19 : Lydec apporte une contribution de 10 millions de dirhams"},"content":{"rendered":"<header>\n<\/header>\n<div class=\"entry-content clearfix\" readability=\"46\"><img decoding=\"async\" class=\"post_layout_5_img\" src=\"http:\/\/aujourdhui.ma\/wp-content\/uploads\/2020\/02\/Lydec-Casablanca.jpg?x29840\" alt=\"Fonds Covid-19 : Lydec apporte une contribution de 10 millions de dirhams\"\/><\/p>\n<p><span class=\"c4\"><strong>\u00ab Le Conseil d\u2019Administration de Lydec a donn\u00e9 son accord pour apporter une contribution de 10 Millions de dirhams au Fonds sp\u00e9cial pour la gestion de la pand\u00e9mie du Covid-19 \u00bb.<\/strong><\/span><span id=\"more-339979\"\/><\/p>\n<p>L\u2019annonce est faite par la Lyonnaise des Eaux de Casablanca qui pr\u00e9cise que cette contribution s\u2019inscrit naturellement en solidarit\u00e9 nationale dans ce contexte difficile pour notre pays et de mobilisation aux c\u00f4t\u00e9s des autorit\u00e9s publiques pour lutter contre les effets de cette pand\u00e9mie.<\/p>\n<p>Par l\u2019occasion, la filiale marocaine rappelle que d\u00e8s le d\u00e9marrage de la crise li\u00e9e \u00e0 la pand\u00e9mie du Covid-19, Lydec a mobilis\u00e9 ses \u00e9quipes pour contribuer \u00e0 la limitation de la propagation du Coronavirus aupr\u00e8s de ses collaborateurs, ses clients et ses partenaires, dans le respect des consignes sanitaires et de pr\u00e9vention d\u00e9cid\u00e9es par les autorit\u00e9s voire assurer la continuit\u00e9 des services essentiels d\u00e9livr\u00e9s aux citoyens dans les meilleures conditions.<\/p>\n<\/div>\n<p>Auteur: ALM<br \/>\n<a href=\"http:\/\/aujourdhui.ma\/economie\/fonds-covid-19-lydec-apporte-une-contribution-de-10-millions-de-dirhams\">Cliquez ici pour lire l&rsquo;article depuis sa source.<\/a><\/p>\n","protected":false},"excerpt":{"rendered":"<p>\u00ab Le Conseil d\u2019Administration de Lydec a donn\u00e9 son accord pour apporter une contribution de 10 Millions de dirhams au Fonds sp\u00e9cial pour la gestion de la pand\u00e9mie du Covid-19 \u00bb. L\u2019annonce est faite par la Lyonnaise des Eaux de Casablanca qui pr\u00e9cise que cette contribution s\u2019inscrit naturellement en solidarit\u00e9 nationale dans ce contexte difficile [&hellip;]<\/p>\n","protected":false},"author":1759,"featured_media":0,"comment_status":"closed","ping_status":"closed","sticky":false,"template":"","format":"standard","meta":{"fifu_image_url":"","fifu_image_alt":"","footnotes":""},"categories":[73,54],"tags":[],"class_list":["post-81151","post","type-post","status-publish","format-standard","hentry","category-actualite","category-maroc"],"_links":{"self":[{"href":"https:\/\/linitiative.ca\/International\/wp-json\/wp\/v2\/posts\/81151","targetHints":{"allow":["GET"]}}],"collection":[{"href":"https:\/\/linitiative.ca\/International\/wp-json\/wp\/v2\/posts"}],"about":[{"href":"https:\/\/linitiative.ca\/International\/wp-json\/wp\/v2\/types\/post"}],"author":[{"embeddable":true,"href":"https:\/\/linitiative.ca\/International\/wp-json\/wp\/v2\/users\/1759"}],"replies":[{"embeddable":true,"href":"https:\/\/linitiative.ca\/International\/wp-json\/wp\/v2\/comments?post=81151"}],"version-history":[{"count":0,"href":"https:\/\/linitiative.ca\/International\/wp-json\/wp\/v2\/posts\/81151\/revisions"}],"wp:attachment":[{"href":"https:\/\/linitiative.ca\/International\/wp-json\/wp\/v2\/media?parent=81151"}],"wp:term":[{"taxonomy":"category","embeddable":true,"href":"https:\/\/linitiative.ca\/International\/wp-json\/wp\/v2\/categories?post=81151"},{"taxonomy":"post_tag","embeddable":true,"href":"https:\/\/linitiative.ca\/International\/wp-json\/wp\/v2\/tags?post=81151"}],"curies":[{"name":"wp","href":"https:\/\/api.w.org\/{rel}","templated":true}]}}