{"id":81152,"date":"2020-04-04T07:37:46","date_gmt":"2020-04-04T11:37:46","guid":{"rendered":"https:\/\/linitiative.ca\/International\/tribune-libre-un-nouveau-paradigme-pour-faconner-le-monde\/"},"modified":"2020-04-04T07:37:46","modified_gmt":"2020-04-04T11:37:46","slug":"tribune-libre-un-nouveau-paradigme-pour-faconner-le-monde","status":"publish","type":"post","link":"https:\/\/linitiative.ca\/International\/tribune-libre-un-nouveau-paradigme-pour-faconner-le-monde\/","title":{"rendered":"Tribune libre : Un nouveau paradigme pour fa\u00e7onner le monde"},"content":{"rendered":"<p><img decoding=\"async\" class=\"post_layout_5_img\" src=\"http:\/\/aujourdhui.ma\/wp-content\/uploads\/2020\/03\/Coronavirus-positive.jpg?x29840\" alt=\"Tribune libre : Un nouveau paradigme pour fa&#xE7;onner le monde\"\/><\/p>\n<p><span class=\"c4\"><strong>Ces jours-ci, le monde entier est confront\u00e9 \u00e0 un vaste fl\u00e9au \u00e9pid\u00e9mique dont la non-ma\u00eetrise a engendr\u00e9 de grandes pertes sanitaires et \u00e9conomiques, et si on \u00e9choue \u00e0 att\u00e9nuer ses cons\u00e9quences n\u00e9fastes, des ann\u00e9es tr\u00e8s sombres nous attendent.<\/strong><\/span> <span id=\"more-339858\"\/><\/p>\n<p>L\u2019histoire nous a appris que chaque fois qu\u2019une pand\u00e9mie ravage un continent, elle discr\u00e9dite tout son syst\u00e8me de croyances et de contr\u00f4le car il n\u2019a pas pu se servir d\u2019outils efficaces pour lutter contre la propagation de l\u2019\u00e9pid\u00e9mie et par cons\u00e9quent un nouveau mod\u00e8le fond\u00e9 sur un autre syst\u00e8me de valeur va prendre place et m\u00eame les fondements id\u00e9ologiques de cet Occident fort et stable seraient remis en cause, car il s\u2019est av\u00e9r\u00e9 incapable de contenir cette trag\u00e9die.<br \/>Non loin de l\u2019h\u00e9morragie de cette \u00e9pid\u00e9mie mondiale, la propagation du Covid-19 (coronavirus) n\u2019est pas sans r\u00e9percussions sur l\u2019\u00e9conomie marocaine dont plusieurs secteurs comme le tourisme, l\u2019industrie, la construction, les t\u00e9l\u00e9communications, etc. sont fortement touch\u00e9s.<br \/>A cet effet, le gouvernement marocain sous les Hautes instructions de Sa Majest\u00e9 le Roi Mohamed VI, a adopt\u00e9 plusieurs mesures pour att\u00e9nuer les effets de cette crise ; parmi lesquelles on peut citer :<br \/>\u2013 un nouveau m\u00e9canisme de garantie appel\u00e9 \u00abDamane Oxyg\u00e8ne\u00bb qui permet aux banques de mettre en place rapidement des d\u00e9couverts exceptionnels pour financer le besoin en fonds de roulement pour les entreprises en difficult\u00e9.<\/p>\n<p>\u2013 Des mesures ont \u00e9t\u00e9 prises pour pr\u00e9server le pouvoir d\u2019achat des salari\u00e9s des entreprises en difficult\u00e9; ainsi les salari\u00e9s relevant de ces entreprises et qui sont d\u00e9clar\u00e9s \u00e0 la CNSS au titre du mois de f\u00e9vrier 2020 vont pouvoir toucher une indemnit\u00e9 forfaitaire mensuelle nette de 2.000 dirhams pendant la p\u00e9riode allant du 15 mars au 30 juin.<br \/>\u2013 Les m\u00e9nages b\u00e9n\u00e9ficiaires du R\u00e9gime d\u2019assistance m\u00e9dicale (RAMED) op\u00e9rant dans l\u2019informel et qui n\u2019ont plus de revenus du fait du confinement obligatoire peuvent b\u00e9n\u00e9ficier d\u2019une aide de subsistance qui sera servie par le Fonds sp\u00e9cial pour la gestion du Covid-19, cr\u00e9\u00e9 par SM le Roi Mohammed VI.<br \/>A travers ces mesures et bien d\u2019autres qu\u2019on a pas mentionn\u00e9es, il est \u00e9vident de signaler que le pouvoir de l\u2019Etat providence appartiendra \u00e0 l\u2019Etat qui saura d\u00e9montrer le plus d\u2019empathie pour ses citoyens, en assurant un certain niveau de s\u00e9curit\u00e9 et de bien-\u00eatre social \u00e0 l\u2019ensemble de la population.<\/p>\n<p><a href=\"http:\/\/aujourdhui.ma\/wp-content\/uploads\/2020\/04\/El-moustaid-Mustapha.jpg?x29840\"><img loading=\"lazy\" decoding=\"async\" class=\" wp-image-339867\" src=\"http:\/\/aujourdhui.ma\/wp-content\/uploads\/2020\/04\/El-moustaid-Mustapha.jpg?x29840\" alt=\"\" width=\"283\" height=\"288\" srcset=\"http:\/\/aujourdhui.ma\/wp-content\/uploads\/2020\/04\/El-moustaid-Mustapha.jpg 373w, http:\/\/aujourdhui.ma\/wp-content\/uploads\/2020\/04\/El-moustaid-Mustapha-294x300.jpg 294w\" sizes=\"auto, (max-width: 283px) 100vw, 283px\"\/><\/a><span class=\"c5\"><strong>Par El moustaid Mustapha (*)<\/strong><\/span><\/p>\n<p>N\u00e9anmoins, il est temps d\u2019interroger notre \u00abhumanit\u00e9\u00bb \u00e0 l\u2019\u00e9preuve du coronavirus. Qui sommes-nous? Que valons-nous? Que pouvons-nous faire face \u00e0 ce coronavirus?<br \/>Le virus en plus d\u2019\u00eatre couronn\u00e9 s\u2019est introduit \u00e0 pas feutr\u00e9s dans nos espaces quotidiens et nos consciences pour prendre progressivement le contr\u00f4le de notre plan\u00e8te et de notre actualit\u00e9.<br \/>Dans chaque crise majeure, la question du sens surgit avec force m\u00eame si, une fois le pic de la vague pass\u00e9, on revient le plus souvent avec pr\u00e9cipitation \u00e0 nos habitudes pass\u00e9es; or que nous dit cette crise d\u2019aujourd\u2019hui?<br \/>Que notre humanit\u00e9 est bien fragile et c\u2019est bien pour cela qu\u2019il faut en prendre bien soin, et que ces pr\u00e9tentions \u00e0 la puissance sont dangereuses pour notre humanit\u00e9 et notre sant\u00e9.<br \/>Que le monde que nous voulons l\u00e9guer \u00e0 nos enfants est celui de la qu\u00eate du sens et l\u2019\u00e9l\u00e9vation de notre conscience et non pas celui d\u2019une puissance livr\u00e9e aux ma\u00eetres de la techno finance mondialis\u00e9e.<\/p>\n<p>Les effets \u00e9cologiques du coronavirus ne sont qu\u2019un sympt\u00f4me d\u2019un syst\u00e8me \u00e9conomique en crise. Historiquement, quand l\u2019\u00e9conomie va mal, l\u2019\u00e9cologie va bien ; et inversement. Il est donc grand temps de prendre en compte l\u2019\u00e9cologie dans le syst\u00e8me \u00e9conomique contemporain; car il est possible de d\u00e9faire ce lien impact \u00e9cologique \u2013 croissance, puisqu\u2019on est capable de produire de la richesse de fa\u00e7on diff\u00e9rente, en se basant sur des sources d\u2019\u00e9nergie moins polluantes, d\u00e9carbon\u00e9es, car cette fois-ci la dette envers l\u2019environnement est tr\u00e8s lourde et l\u2019alerte sans aucun pr\u00e9avis par le biais d\u2019un virus est une r\u00e9alit\u00e9 fatale ; pourtant les pionniers de l\u2019agriculture \u00e9cologique en l\u2019exemple du grand Pierre Rabhi n\u2019ont cess\u00e9 de nous rappeler : \u00abUn jour il nous faudra bien r\u00e9pondre \u00e0 notre v\u00e9ritable vocation qui n\u2019est pas de produire et de consommer sans fin, mais d\u2019aimer, d\u2019admirer et de prendre soin de la vie sous toutes ses formes\u00bb.<\/p>\n<p>Dans une soci\u00e9t\u00e9 fond\u00e9e sur la productivit\u00e9 et la consommation, tout ce qui n\u2019est pas mesurable en argent ou en profit n\u2019a plus de valeur ; tout \u00e0 coup le Stop arrive, tout \u00e0 l\u2019arr\u00eat, le virus ferme les entreprises et les \u00e9coles et nous oblige \u00e0 rester dans nos maisons pour trouver des solutions alternatives \u00e0 l\u2019\u00e9ducation de nos enfants qu\u2019on a d\u00e9l\u00e9gu\u00e9e \u00e0 des figures et des institutions diverses. Enfin, les mamans et les papas se sont r\u00e9unis avec leur enfants pour refaire une famille ; car nous nous sommes fait l\u2019illusion que nos relations se jouent \u00e0 proximit\u00e9 dans ce non espace du virtuel des r\u00e9seaux sociaux ; puis le virus surgit et nous enl\u00e8ve cette proximit\u00e9 pour nous confronter \u00e0 notre r\u00e9alit\u00e9.<\/p>\n<p>Personne ne doit se toucher, pas d\u2019embrassade, de la distance, le non contact, transmettant en effet un message clair et pr\u00e9cis \u00abla seule mani\u00e8re de nous en sortir c\u2019est la r\u00e9ciprocit\u00e9, le sens de l\u2019appartenance, la famille, la communaut\u00e9, la sensation de faire partie de quelque chose de plus grand, dont il faut prendre soin et qui prendra soin de nous\u00bb ; ainsi en se concentrant sur cette grande chose importante, notre vie agira en r\u00e9sonance avec cette vision et les r\u00e9sultats seront enrichissants gr\u00e2ce \u00e0 notre soumission et r\u00e9demption \u00e0 une force spirituelle ratifi\u00e9e dans notre monde musulman par le mot \u00abAllah akhbar\u00bb ; afin d\u2019intensifier les miracles et la grandeur de Dieu face aux al\u00e9as de la nature, ainsi que la soumission de tous les hommes aux lois de Dieu, tout en reconnaissant Ses dons innombrables et Ses vertus sur nous ; d\u2019o\u00f9 l\u2019importance de la gratitude dans notre vie.<\/p>\n<p>Il est temps en ces moments difficiles d\u2019appr\u00e9cier les b\u00e9n\u00e9dictions de la sant\u00e9, la s\u00e9curit\u00e9, la libert\u00e9, la nourriture, l\u2019air pur, le soleil, le foyer, etc. Mais c\u2019est justement en \u00e9tant reconnaissant qu\u2019on peut transformer l\u2019ordinaire en extraordinaire et sortir du cercle vicieux de ce virus et le rendre vertueux par la remise en cause de notre syst\u00e8me de valeur, en faisant un peu de m\u00e9nage sur notre fa\u00e7on de faire et notre syst\u00e8me de valeur par la redistribution des r\u00f4les pour bien assumer la vraie mission qui est notre raison d\u2019\u00eatre sur cette terre, et je termine avec une citation d\u2019Einstein: \u00abDeux choses sont infinies: l\u2019Univers et la b\u00eatise humaine. Mais en ce qui concerne l\u2019Univers, je n\u2019en ai pas encore acquis la certitude absolue\u00bb.<\/p>\n<p><span class=\"c5\"><strong>(*) Coach, conseiller en Communication et Qualit\u00e9<\/strong><\/span><\/p>\n<p>Auteur: ALM<br \/>\n<a href=\"http:\/\/aujourdhui.ma\/societe\/tribune-libre-un-nouveau-paradigme-pour-faconner-le-monde\">Cliquez ici pour lire l&rsquo;article depuis sa source.<\/a><\/p>\n","protected":false},"excerpt":{"rendered":"<p>Ces jours-ci, le monde entier est confront\u00e9 \u00e0 un vaste fl\u00e9au \u00e9pid\u00e9mique dont la non-ma\u00eetrise a engendr\u00e9 de grandes pertes sanitaires et \u00e9conomiques, et si on \u00e9choue \u00e0 att\u00e9nuer ses cons\u00e9quences n\u00e9fastes, des ann\u00e9es tr\u00e8s sombres nous attendent. L\u2019histoire nous a appris que chaque fois qu\u2019une pand\u00e9mie ravage un continent, elle discr\u00e9dite tout son syst\u00e8me [&hellip;]<\/p>\n","protected":false},"author":1759,"featured_media":0,"comment_status":"closed","ping_status":"closed","sticky":false,"template":"","format":"standard","meta":{"fifu_image_url":"","fifu_image_alt":"","footnotes":""},"categories":[73,54],"tags":[],"class_list":["post-81152","post","type-post","status-publish","format-standard","hentry","category-actualite","category-maroc"],"_links":{"self":[{"href":"https:\/\/linitiative.ca\/International\/wp-json\/wp\/v2\/posts\/81152","targetHints":{"allow":["GET"]}}],"collection":[{"href":"https:\/\/linitiative.ca\/International\/wp-json\/wp\/v2\/posts"}],"about":[{"href":"https:\/\/linitiative.ca\/International\/wp-json\/wp\/v2\/types\/post"}],"author":[{"embeddable":true,"href":"https:\/\/linitiative.ca\/International\/wp-json\/wp\/v2\/users\/1759"}],"replies":[{"embeddable":true,"href":"https:\/\/linitiative.ca\/International\/wp-json\/wp\/v2\/comments?post=81152"}],"version-history":[{"count":0,"href":"https:\/\/linitiative.ca\/International\/wp-json\/wp\/v2\/posts\/81152\/revisions"}],"wp:attachment":[{"href":"https:\/\/linitiative.ca\/International\/wp-json\/wp\/v2\/media?parent=81152"}],"wp:term":[{"taxonomy":"category","embeddable":true,"href":"https:\/\/linitiative.ca\/International\/wp-json\/wp\/v2\/categories?post=81152"},{"taxonomy":"post_tag","embeddable":true,"href":"https:\/\/linitiative.ca\/International\/wp-json\/wp\/v2\/tags?post=81152"}],"curies":[{"name":"wp","href":"https:\/\/api.w.org\/{rel}","templated":true}]}}