{"id":81155,"date":"2020-04-04T11:40:23","date_gmt":"2020-04-04T15:40:23","guid":{"rendered":"https:\/\/linitiative.ca\/International\/fonds-covid-19-lanam-fait-don-de-10-mdh\/"},"modified":"2020-04-04T11:40:23","modified_gmt":"2020-04-04T15:40:23","slug":"fonds-covid-19-lanam-fait-don-de-10-mdh","status":"publish","type":"post","link":"https:\/\/linitiative.ca\/International\/fonds-covid-19-lanam-fait-don-de-10-mdh\/","title":{"rendered":"Fonds Covid-19 :  L\u2019ANAM fait don de 10 MDH"},"content":{"rendered":"<header>\n<\/header>\n<div class=\"entry-content clearfix\" readability=\"44\"><img decoding=\"async\" class=\"post_layout_5_img\" src=\"http:\/\/aujourdhui.ma\/wp-content\/uploads\/2017\/09\/anam.jpg?x29840\" alt=\"Fonds Covid-19 : L&#x2019;ANAM fait don de 10 MDH\"\/><\/p>\n<p><span class=\"c4\"><strong>L\u2019Agence nationale de l\u2019assurance maladie (ANAM) en concertation avec le ministre de la Sant\u00e9 en tant que pr\u00e9sident du Conseil d\u2019administration, a annonc\u00e9 une contribution de 10 millions DH au Fonds sp\u00e9cial d\u00e9di\u00e9 \u00e0 la gestion de la pand\u00e9mie du Coronavirus.<\/strong><\/span><span id=\"more-339991\"\/><\/p>\n<p>Selon un communiqu\u00e9 de l\u2019Agence, cette contribution s\u2019inscrit dans le cadre de la campagne de solidarit\u00e9 nationale et de mobilisation globale et continue pour faire face aux retomb\u00e9es de la pand\u00e9mie du Coronavirus.<\/p>\n<p>Cette initiative vient compl\u00e9ter la batterie de mesures prise par l\u2019ANAM visant \u00e0 accompagner les efforts d\u00e9ploy\u00e9s par les pouvoirs publics pour la gestion exemplaire de cette situation de crise sanitaire.<\/p>\n<\/div>\n<p>Auteur: ALM<br \/>\n<a href=\"http:\/\/aujourdhui.ma\/economie\/fonds-covid-19-lanam-fait-don-de-10-mdh\">Cliquez ici pour lire l&rsquo;article depuis sa source.<\/a><\/p>\n","protected":false},"excerpt":{"rendered":"<p>L\u2019Agence nationale de l\u2019assurance maladie (ANAM) en concertation avec le ministre de la Sant\u00e9 en tant que pr\u00e9sident du Conseil d\u2019administration, a annonc\u00e9 une contribution de 10 millions DH au Fonds sp\u00e9cial d\u00e9di\u00e9 \u00e0 la gestion de la pand\u00e9mie du Coronavirus. Selon un communiqu\u00e9 de l\u2019Agence, cette contribution s\u2019inscrit dans le cadre de la campagne [&hellip;]<\/p>\n","protected":false},"author":1759,"featured_media":0,"comment_status":"closed","ping_status":"closed","sticky":false,"template":"","format":"standard","meta":{"fifu_image_url":"","fifu_image_alt":"","footnotes":""},"categories":[73,54],"tags":[],"class_list":["post-81155","post","type-post","status-publish","format-standard","hentry","category-actualite","category-maroc"],"_links":{"self":[{"href":"https:\/\/linitiative.ca\/International\/wp-json\/wp\/v2\/posts\/81155","targetHints":{"allow":["GET"]}}],"collection":[{"href":"https:\/\/linitiative.ca\/International\/wp-json\/wp\/v2\/posts"}],"about":[{"href":"https:\/\/linitiative.ca\/International\/wp-json\/wp\/v2\/types\/post"}],"author":[{"embeddable":true,"href":"https:\/\/linitiative.ca\/International\/wp-json\/wp\/v2\/users\/1759"}],"replies":[{"embeddable":true,"href":"https:\/\/linitiative.ca\/International\/wp-json\/wp\/v2\/comments?post=81155"}],"version-history":[{"count":0,"href":"https:\/\/linitiative.ca\/International\/wp-json\/wp\/v2\/posts\/81155\/revisions"}],"wp:attachment":[{"href":"https:\/\/linitiative.ca\/International\/wp-json\/wp\/v2\/media?parent=81155"}],"wp:term":[{"taxonomy":"category","embeddable":true,"href":"https:\/\/linitiative.ca\/International\/wp-json\/wp\/v2\/categories?post=81155"},{"taxonomy":"post_tag","embeddable":true,"href":"https:\/\/linitiative.ca\/International\/wp-json\/wp\/v2\/tags?post=81155"}],"curies":[{"name":"wp","href":"https:\/\/api.w.org\/{rel}","templated":true}]}}