{"id":81161,"date":"2020-04-04T07:05:31","date_gmt":"2020-04-04T11:05:31","guid":{"rendered":"https:\/\/linitiative.ca\/International\/delegation-de-pouvoir-au-chef-du-gouvernement-entretien-ghannouchi-fakhfakh-peu-avant-le-demarrage-de-la-pleniere\/"},"modified":"2020-04-04T07:05:31","modified_gmt":"2020-04-04T11:05:31","slug":"delegation-de-pouvoir-au-chef-du-gouvernement-entretien-ghannouchi-fakhfakh-peu-avant-le-demarrage-de-la-pleniere","status":"publish","type":"post","link":"https:\/\/linitiative.ca\/International\/delegation-de-pouvoir-au-chef-du-gouvernement-entretien-ghannouchi-fakhfakh-peu-avant-le-demarrage-de-la-pleniere\/","title":{"rendered":"D\u00e9l\u00e9gation de pouvoir au chef du gouvernement : Entretien Ghannouchi-Fakhfakh peu avant le d\u00e9marrage de la pl\u00e9ni\u00e8re"},"content":{"rendered":"<p>Le pr\u00e9sident de l\u2019Assembl\u00e9e des Repr\u00e9sentants du Peuple (ARP) Rached Ghannouchi a re\u00e7u samedi \u00e0 l\u2019h\u00e9micycle du Bardo, le chef du gouvernement Ely\u00e8s Fakhfakh.<\/p>\n<p>L\u2019entretien a eu lieu peu avant le d\u00e9marrage de la pl\u00e9ni\u00e8re consacr\u00e9e \u00e0 l\u2019examen du projet de d\u00e9l\u00e9gation de pouvoir au chef du gouvernement pour faire face aux r\u00e9percussions de la propagation du Covid-19.<\/p>\n<p>Au cours de la rencontre, l\u2019accent a \u00e9t\u00e9 mis sur l\u2019importance de l\u2019unit\u00e9 nationale en cette conjoncture difficile que vit le pays en raison de la propagation du virus et le besoin de promouvoir la coop\u00e9ration entre les diff\u00e9rentes institutions publiques pour assurer l\u2019efficience des mesures et att\u00e9nuer les incidences du Covid-19 sur les diff\u00e9rents secteurs.<\/p>\n<p>L\u2019entretien s\u2019est d\u00e9roul\u00e9 en pr\u00e9sence des deux vice-pr\u00e9sidents du parlement, Samira Chaouachi et Tarek Fettiti.<\/p>\n<p>Le premier vice-pr\u00e9sident de l\u2019ARP Samira Chaouachi avait annonc\u00e9 la veille le report de la pl\u00e9ni\u00e8re d\u00e9di\u00e9e \u00e0 l\u2019examen du projet de loi qui habilite le chef du gouvernement \u00e0 promulguer des d\u00e9crets lois qui a \u00e9t\u00e9 approuv\u00e9 par la Commission du r\u00e8glement int\u00e9rieur le 31 mars 2020.<\/p>\n<div class=\"wp-post-author-wrap wp-post-author-shortcode left\">\n<h3 class=\"awpa-title\"\/>\n<div class=\"wp-post-author\">\n<div class=\"awpa-img awpa-author-block square\"><a href=\"http:\/\/lexpertjournal.net\/fr\/?author=5\"><img loading=\"lazy\" decoding=\"async\" alt=\"\" src=\"http:\/\/0.gravatar.com\/avatar\/97f8e10a1c1125ba104a76514ee07b16?s=150&amp;d=mm&amp;r=g\" srcset=\"http:\/\/0.gravatar.com\/avatar\/97f8e10a1c1125ba104a76514ee07b16?s=300&amp;d=mm&amp;r=g 2x\" class=\"avatar avatar-150 photo\" height=\"150\" width=\"150\"\/><\/a><\/div>\n<\/div>\n<\/div>\n<aside class=\"mashsb-container mashsb-main mashsb-stretched\">\n<\/aside>\n<p>Auteur: L&rsquo;expert<br \/>\n<a href=\"http:\/\/lexpertjournal.net\/fr\/?p=13575\">Cliquez ici pour lire l&rsquo;article depuis sa source.<\/a><\/p>\n","protected":false},"excerpt":{"rendered":"<p>Le pr\u00e9sident de l\u2019Assembl\u00e9e des Repr\u00e9sentants du Peuple (ARP) Rached Ghannouchi a re\u00e7u samedi \u00e0 l\u2019h\u00e9micycle du Bardo, le chef du gouvernement Ely\u00e8s Fakhfakh. L\u2019entretien a eu lieu peu avant le d\u00e9marrage de la pl\u00e9ni\u00e8re consacr\u00e9e \u00e0 l\u2019examen du projet de d\u00e9l\u00e9gation de pouvoir au chef du gouvernement pour faire face aux r\u00e9percussions de la [&hellip;]<\/p>\n","protected":false},"author":1775,"featured_media":0,"comment_status":"closed","ping_status":"closed","sticky":false,"template":"","format":"standard","meta":{"fifu_image_url":"","fifu_image_alt":"","footnotes":""},"categories":[78,55],"tags":[],"class_list":["post-81161","post","type-post","status-publish","format-standard","hentry","category-economie","category-tunisie"],"_links":{"self":[{"href":"https:\/\/linitiative.ca\/International\/wp-json\/wp\/v2\/posts\/81161","targetHints":{"allow":["GET"]}}],"collection":[{"href":"https:\/\/linitiative.ca\/International\/wp-json\/wp\/v2\/posts"}],"about":[{"href":"https:\/\/linitiative.ca\/International\/wp-json\/wp\/v2\/types\/post"}],"author":[{"embeddable":true,"href":"https:\/\/linitiative.ca\/International\/wp-json\/wp\/v2\/users\/1775"}],"replies":[{"embeddable":true,"href":"https:\/\/linitiative.ca\/International\/wp-json\/wp\/v2\/comments?post=81161"}],"version-history":[{"count":0,"href":"https:\/\/linitiative.ca\/International\/wp-json\/wp\/v2\/posts\/81161\/revisions"}],"wp:attachment":[{"href":"https:\/\/linitiative.ca\/International\/wp-json\/wp\/v2\/media?parent=81161"}],"wp:term":[{"taxonomy":"category","embeddable":true,"href":"https:\/\/linitiative.ca\/International\/wp-json\/wp\/v2\/categories?post=81161"},{"taxonomy":"post_tag","embeddable":true,"href":"https:\/\/linitiative.ca\/International\/wp-json\/wp\/v2\/tags?post=81161"}],"curies":[{"name":"wp","href":"https:\/\/api.w.org\/{rel}","templated":true}]}}