{"id":81162,"date":"2020-04-04T07:09:54","date_gmt":"2020-04-04T11:09:54","guid":{"rendered":"https:\/\/linitiative.ca\/International\/mauvaise-gestion-de-la-crise-trois-delegues-demis-de-leurs-fonctions\/"},"modified":"2020-04-04T07:09:54","modified_gmt":"2020-04-04T11:09:54","slug":"mauvaise-gestion-de-la-crise-trois-delegues-demis-de-leurs-fonctions","status":"publish","type":"post","link":"https:\/\/linitiative.ca\/International\/mauvaise-gestion-de-la-crise-trois-delegues-demis-de-leurs-fonctions\/","title":{"rendered":"Mauvaise gestion de la crise : Trois d\u00e9l\u00e9gu\u00e9s d\u00e9mis de leurs fonctions"},"content":{"rendered":"<p>Le ministre de l\u2019Int\u00e9rieur Hichem M\u00e9chichi a d\u00e9cid\u00e9, vendredi, de d\u00e9mettre trois d\u00e9l\u00e9gu\u00e9s de leurs fonctions, selon un communiqu\u00e9 du d\u00e9partement.<\/p>\n<p>Il s\u2019agit d\u2019Aymen Bouhleli, premier d\u00e9l\u00e9gu\u00e9 au gouvernorat du Kef, de Mohamed El B\u00e9ji, d\u00e9l\u00e9gu\u00e9 de Douar Hicheur (Gouvernorat de la Manouba) et de Jalal Jbira, d\u00e9l\u00e9gu\u00e9 de Makthar (Gouvernorat de Siliana)<\/p>\n<p>Rappelons que des citoyens accusent le d\u00e9l\u00e9gu\u00e9 de Douar Hicheur d\u2019avoir d\u00e9truit leurs demandes d\u2019aide exceptionnelle, apr\u00e8s avoir d\u00e9couvert un grand nombre de copies de Cartes d\u2019Identit\u00e9 Nationale dans la poubelle de la d\u00e9l\u00e9gation, selon une vid\u00e9o circulant sur les r\u00e9seaux sociaux.<\/p>\n<p>Une \u00e9quipe de l\u2019inspection g\u00e9n\u00e9rale des services du minist\u00e8re de l\u2019int\u00e9rieur a effectu\u00e9, depuis jeudi soir, une inspection apr\u00e8s l\u2019incident en question.<\/p>\n<p>Pour sa part, la Ligue tunisienne des droits de l\u2019Homme (Section Bardo \/ La Manouba), a appel\u00e9 dans un communiqu\u00e9 publi\u00e9 vendredi, \u00e0 ouvrir une \u00ab enqu\u00eate s\u00e9rieuse \u00bb pour identifier les responsables.<\/p>\n<div class=\"wp-post-author-wrap wp-post-author-shortcode left\">\n<h3 class=\"awpa-title\"\/>\n<div class=\"wp-post-author\">\n<div class=\"awpa-img awpa-author-block square\"><a href=\"http:\/\/lexpertjournal.net\/fr\/?author=5\"><img loading=\"lazy\" decoding=\"async\" alt=\"\" src=\"http:\/\/0.gravatar.com\/avatar\/97f8e10a1c1125ba104a76514ee07b16?s=150&amp;d=mm&amp;r=g\" srcset=\"http:\/\/0.gravatar.com\/avatar\/97f8e10a1c1125ba104a76514ee07b16?s=300&amp;d=mm&amp;r=g 2x\" class=\"avatar avatar-150 photo\" height=\"150\" width=\"150\"\/><\/a><\/div>\n<\/div>\n<\/div>\n<aside class=\"mashsb-container mashsb-main mashsb-stretched\">\n<\/aside>\n<p>Auteur: L&rsquo;expert<br \/>\n<a href=\"http:\/\/lexpertjournal.net\/fr\/?p=13578\">Cliquez ici pour lire l&rsquo;article depuis sa source.<\/a><\/p>\n","protected":false},"excerpt":{"rendered":"<p>Le ministre de l\u2019Int\u00e9rieur Hichem M\u00e9chichi a d\u00e9cid\u00e9, vendredi, de d\u00e9mettre trois d\u00e9l\u00e9gu\u00e9s de leurs fonctions, selon un communiqu\u00e9 du d\u00e9partement. Il s\u2019agit d\u2019Aymen Bouhleli, premier d\u00e9l\u00e9gu\u00e9 au gouvernorat du Kef, de Mohamed El B\u00e9ji, d\u00e9l\u00e9gu\u00e9 de Douar Hicheur (Gouvernorat de la Manouba) et de Jalal Jbira, d\u00e9l\u00e9gu\u00e9 de Makthar (Gouvernorat de Siliana) Rappelons que [&hellip;]<\/p>\n","protected":false},"author":1775,"featured_media":0,"comment_status":"closed","ping_status":"closed","sticky":false,"template":"","format":"standard","meta":{"fifu_image_url":"","fifu_image_alt":"","footnotes":""},"categories":[78,55],"tags":[],"class_list":["post-81162","post","type-post","status-publish","format-standard","hentry","category-economie","category-tunisie"],"_links":{"self":[{"href":"https:\/\/linitiative.ca\/International\/wp-json\/wp\/v2\/posts\/81162","targetHints":{"allow":["GET"]}}],"collection":[{"href":"https:\/\/linitiative.ca\/International\/wp-json\/wp\/v2\/posts"}],"about":[{"href":"https:\/\/linitiative.ca\/International\/wp-json\/wp\/v2\/types\/post"}],"author":[{"embeddable":true,"href":"https:\/\/linitiative.ca\/International\/wp-json\/wp\/v2\/users\/1775"}],"replies":[{"embeddable":true,"href":"https:\/\/linitiative.ca\/International\/wp-json\/wp\/v2\/comments?post=81162"}],"version-history":[{"count":0,"href":"https:\/\/linitiative.ca\/International\/wp-json\/wp\/v2\/posts\/81162\/revisions"}],"wp:attachment":[{"href":"https:\/\/linitiative.ca\/International\/wp-json\/wp\/v2\/media?parent=81162"}],"wp:term":[{"taxonomy":"category","embeddable":true,"href":"https:\/\/linitiative.ca\/International\/wp-json\/wp\/v2\/categories?post=81162"},{"taxonomy":"post_tag","embeddable":true,"href":"https:\/\/linitiative.ca\/International\/wp-json\/wp\/v2\/tags?post=81162"}],"curies":[{"name":"wp","href":"https:\/\/api.w.org\/{rel}","templated":true}]}}