{"id":81164,"date":"2020-04-04T07:15:31","date_gmt":"2020-04-04T11:15:31","guid":{"rendered":"https:\/\/linitiative.ca\/International\/covid-19-site-electronique-dedie-aux-consultations\/"},"modified":"2020-04-04T07:15:31","modified_gmt":"2020-04-04T11:15:31","slug":"covid-19-site-electronique-dedie-aux-consultations","status":"publish","type":"post","link":"https:\/\/linitiative.ca\/International\/covid-19-site-electronique-dedie-aux-consultations\/","title":{"rendered":"Covid-19 :Site \u00e9lectronique d\u00e9di\u00e9 aux consultations"},"content":{"rendered":"<p>Le minist\u00e8re de la Sant\u00e9 a annonc\u00e9, vendredi, que le site (www.med.tn) sera consacr\u00e9 aux consultations m\u00e9dicales sur le Coronavirus, dans le cadre d\u2019un accord de partenariat entre le minist\u00e8re de la Sant\u00e9 et le Conseil national de l\u2019ordre des m\u00e9decins tunisiens et la soci\u00e9t\u00e9 SmartMed, propri\u00e9taire du site.<\/p>\n<p>Cette mesure vise, selon un communiqu\u00e9 du minist\u00e8re, \u00e0 r\u00e9duire la pression sur le num\u00e9ro 190. Des m\u00e9decins et des sp\u00e9cialistes r\u00e9pondront aux questions des appelants et suivre leur \u00e9tat de sant\u00e9.<\/p>\n<div class=\"wp-post-author-wrap wp-post-author-shortcode left\">\n<h3 class=\"awpa-title\"\/>\n<div class=\"wp-post-author\">\n<div class=\"awpa-img awpa-author-block square\"><a href=\"http:\/\/lexpertjournal.net\/fr\/?author=5\"><img loading=\"lazy\" decoding=\"async\" alt=\"\" src=\"http:\/\/0.gravatar.com\/avatar\/97f8e10a1c1125ba104a76514ee07b16?s=150&amp;d=mm&amp;r=g\" srcset=\"http:\/\/0.gravatar.com\/avatar\/97f8e10a1c1125ba104a76514ee07b16?s=300&amp;d=mm&amp;r=g 2x\" class=\"avatar avatar-150 photo\" height=\"150\" width=\"150\"\/><\/a><\/div>\n<\/div>\n<\/div>\n<aside class=\"mashsb-container mashsb-main mashsb-stretched\">\n<\/aside>\n<p>Auteur: L&rsquo;expert<br \/>\n<a href=\"http:\/\/lexpertjournal.net\/fr\/?p=13583\">Cliquez ici pour lire l&rsquo;article depuis sa source.<\/a><\/p>\n","protected":false},"excerpt":{"rendered":"<p>Le minist\u00e8re de la Sant\u00e9 a annonc\u00e9, vendredi, que le site (www.med.tn) sera consacr\u00e9 aux consultations m\u00e9dicales sur le Coronavirus, dans le cadre d\u2019un accord de partenariat entre le minist\u00e8re de la Sant\u00e9 et le Conseil national de l\u2019ordre des m\u00e9decins tunisiens et la soci\u00e9t\u00e9 SmartMed, propri\u00e9taire du site. Cette mesure vise, selon un communiqu\u00e9 [&hellip;]<\/p>\n","protected":false},"author":1775,"featured_media":0,"comment_status":"closed","ping_status":"closed","sticky":false,"template":"","format":"standard","meta":{"fifu_image_url":"","fifu_image_alt":"","footnotes":""},"categories":[78,55],"tags":[],"class_list":["post-81164","post","type-post","status-publish","format-standard","hentry","category-economie","category-tunisie"],"_links":{"self":[{"href":"https:\/\/linitiative.ca\/International\/wp-json\/wp\/v2\/posts\/81164","targetHints":{"allow":["GET"]}}],"collection":[{"href":"https:\/\/linitiative.ca\/International\/wp-json\/wp\/v2\/posts"}],"about":[{"href":"https:\/\/linitiative.ca\/International\/wp-json\/wp\/v2\/types\/post"}],"author":[{"embeddable":true,"href":"https:\/\/linitiative.ca\/International\/wp-json\/wp\/v2\/users\/1775"}],"replies":[{"embeddable":true,"href":"https:\/\/linitiative.ca\/International\/wp-json\/wp\/v2\/comments?post=81164"}],"version-history":[{"count":0,"href":"https:\/\/linitiative.ca\/International\/wp-json\/wp\/v2\/posts\/81164\/revisions"}],"wp:attachment":[{"href":"https:\/\/linitiative.ca\/International\/wp-json\/wp\/v2\/media?parent=81164"}],"wp:term":[{"taxonomy":"category","embeddable":true,"href":"https:\/\/linitiative.ca\/International\/wp-json\/wp\/v2\/categories?post=81164"},{"taxonomy":"post_tag","embeddable":true,"href":"https:\/\/linitiative.ca\/International\/wp-json\/wp\/v2\/tags?post=81164"}],"curies":[{"name":"wp","href":"https:\/\/api.w.org\/{rel}","templated":true}]}}