{"id":81165,"date":"2020-04-04T07:19:36","date_gmt":"2020-04-04T11:19:36","guid":{"rendered":"https:\/\/linitiative.ca\/International\/kasserine-covid-19-des-tunisiens-a-tebessa-reclament-lacceleration-de-leur-rapatriement\/"},"modified":"2020-04-04T07:19:36","modified_gmt":"2020-04-04T11:19:36","slug":"kasserine-covid-19-des-tunisiens-a-tebessa-reclament-lacceleration-de-leur-rapatriement","status":"publish","type":"post","link":"https:\/\/linitiative.ca\/International\/kasserine-covid-19-des-tunisiens-a-tebessa-reclament-lacceleration-de-leur-rapatriement\/","title":{"rendered":"Kasserine-Covid-19 :  Des Tunisiens \u00e0 T\u00e9bessa r\u00e9clament l\u2019acc\u00e9l\u00e9ration de leur rapatriement"},"content":{"rendered":"<p>Des Tunisiens, bloqu\u00e9s \u00e0 T\u00e9bessa (\u00e0 l\u2019est de l\u2019Alg\u00e9rie), depuis le 30 mars, ont appel\u00e9, vendredi, les autorit\u00e9s centrales et r\u00e9gionales \u00e0 l\u2019acc\u00e9l\u00e9ration de leur rapatriement, \u00e0 travers le passage frontalier de Bouchabka, dans la d\u00e9l\u00e9gation de F\u00e9riana (gouvernorat de Kasserine).<\/p>\n<p>\u00ab Les conditions de pr\u00e9vention n\u00e9cessaires contre le covid-19 ne sont pas r\u00e9unies, \u00e0 l\u2019h\u00f4tel que le consulat de Tunisie nous a fourni \u00bb, indique \u00e0 l\u2019agence TAP Mourad Jedidi, ing\u00e9nieur dans une soci\u00e9t\u00e9 alg\u00e9rienne.<\/p>\n<p>Une soixantaine de Tunisiens sont bloqu\u00e9s \u00e0 T\u00e9bessa. Ils sont originaires de diff\u00e9rentes r\u00e9gions, notamment de Kasserine, Gab\u00e8s, Sfax, B\u00e9ja, Bizerte, Sousse, Nabeul et Tunis.<\/p>\n<p>Tous les efforts seront d\u00e9ploy\u00e9s pour finaliser les proc\u00e9dures polici\u00e8res et pr\u00e9ventives et assurer le rapatriement des citoyens bloqu\u00e9s \u00e0 la fronti\u00e8re alg\u00e9rienne, \u00e0 travers Bouchebka, dans les plus brefs d\u00e9lais, soulignent, \u00e0 l\u2019agence TAP, des sources du gouvernorat de Kasserine.<\/p>\n<div class=\"wp-post-author-wrap wp-post-author-shortcode left\">\n<h3 class=\"awpa-title\"\/>\n<div class=\"wp-post-author\">\n<div class=\"awpa-img awpa-author-block square\"><a href=\"http:\/\/lexpertjournal.net\/fr\/?author=5\"><img loading=\"lazy\" decoding=\"async\" alt=\"\" src=\"http:\/\/0.gravatar.com\/avatar\/97f8e10a1c1125ba104a76514ee07b16?s=150&amp;d=mm&amp;r=g\" srcset=\"http:\/\/0.gravatar.com\/avatar\/97f8e10a1c1125ba104a76514ee07b16?s=300&amp;d=mm&amp;r=g 2x\" class=\"avatar avatar-150 photo\" height=\"150\" width=\"150\"\/><\/a><\/div>\n<\/div>\n<\/div>\n<aside class=\"mashsb-container mashsb-main mashsb-stretched\">\n<\/aside>\n<p>Auteur: L&rsquo;expert<br \/>\n<a href=\"http:\/\/lexpertjournal.net\/fr\/?p=13586\">Cliquez ici pour lire l&rsquo;article depuis sa source.<\/a><\/p>\n","protected":false},"excerpt":{"rendered":"<p>Des Tunisiens, bloqu\u00e9s \u00e0 T\u00e9bessa (\u00e0 l\u2019est de l\u2019Alg\u00e9rie), depuis le 30 mars, ont appel\u00e9, vendredi, les autorit\u00e9s centrales et r\u00e9gionales \u00e0 l\u2019acc\u00e9l\u00e9ration de leur rapatriement, \u00e0 travers le passage frontalier de Bouchabka, dans la d\u00e9l\u00e9gation de F\u00e9riana (gouvernorat de Kasserine). \u00ab Les conditions de pr\u00e9vention n\u00e9cessaires contre le covid-19 ne sont pas r\u00e9unies, \u00e0 [&hellip;]<\/p>\n","protected":false},"author":1775,"featured_media":0,"comment_status":"closed","ping_status":"closed","sticky":false,"template":"","format":"standard","meta":{"fifu_image_url":"","fifu_image_alt":"","footnotes":""},"categories":[78,55],"tags":[],"class_list":["post-81165","post","type-post","status-publish","format-standard","hentry","category-economie","category-tunisie"],"_links":{"self":[{"href":"https:\/\/linitiative.ca\/International\/wp-json\/wp\/v2\/posts\/81165","targetHints":{"allow":["GET"]}}],"collection":[{"href":"https:\/\/linitiative.ca\/International\/wp-json\/wp\/v2\/posts"}],"about":[{"href":"https:\/\/linitiative.ca\/International\/wp-json\/wp\/v2\/types\/post"}],"author":[{"embeddable":true,"href":"https:\/\/linitiative.ca\/International\/wp-json\/wp\/v2\/users\/1775"}],"replies":[{"embeddable":true,"href":"https:\/\/linitiative.ca\/International\/wp-json\/wp\/v2\/comments?post=81165"}],"version-history":[{"count":0,"href":"https:\/\/linitiative.ca\/International\/wp-json\/wp\/v2\/posts\/81165\/revisions"}],"wp:attachment":[{"href":"https:\/\/linitiative.ca\/International\/wp-json\/wp\/v2\/media?parent=81165"}],"wp:term":[{"taxonomy":"category","embeddable":true,"href":"https:\/\/linitiative.ca\/International\/wp-json\/wp\/v2\/categories?post=81165"},{"taxonomy":"post_tag","embeddable":true,"href":"https:\/\/linitiative.ca\/International\/wp-json\/wp\/v2\/tags?post=81165"}],"curies":[{"name":"wp","href":"https:\/\/api.w.org\/{rel}","templated":true}]}}