{"id":81169,"date":"2020-04-04T10:09:00","date_gmt":"2020-04-04T14:09:00","guid":{"rendered":"https:\/\/linitiative.ca\/International\/la-liste-des-commerces-sommes-de-reprendre-dactivite\/"},"modified":"2020-04-04T10:09:00","modified_gmt":"2020-04-04T14:09:00","slug":"la-liste-des-commerces-sommes-de-reprendre-dactivite","status":"publish","type":"post","link":"https:\/\/linitiative.ca\/International\/la-liste-des-commerces-sommes-de-reprendre-dactivite\/","title":{"rendered":"La liste des commerces somm\u00e9s de reprendre d&rsquo;activit\u00e9"},"content":{"rendered":"<div id=\"originalText\" readability=\"69\">\n<p>Le Premier ministre, Abdelaziz Djerad, a autoris\u00e9 la reprise de\u00a0certaines cat\u00e9gories d&rsquo;activit\u00e9s\u00a0 \u00ab\u00a0indispensables aux citoyens et ce, dans le strict respect des r\u00e8gles\u00a0 d&rsquo;hygi\u00e8ne et de distanciation sociale \u00e9dict\u00e9es par l&rsquo;autorit\u00e9 sanitaire et ce dans le cadre de la pr\u00e9vention et la lutte contre la propagation de la\u00a0 pand\u00e9mie du Covid-19\u00bb\u00a0, a indiqu\u00e9, ce\u00a0samedi, un communiqu\u00e9 des services du Premier ministre.\u00a0<\/p>\n<p>\u00ab\u00a0En application des directives de Monsieur le Pr\u00e9sident de la R\u00e9publique,\u00a0 le Premier ministre, Monsieur Abdelaziz Djerad, a \u00e9mis une instruction\u00a0 destin\u00e9e \u00e0 lever les entraves constat\u00e9es dans l&rsquo;approvisionnement et la\u00a0 satisfaction des besoins des citoyens concernant un certain nombre\u00a0 d&rsquo;activit\u00e9s de commerce de produits et de services\u00a0\u00bb, a pr\u00e9cis\u00e9 la m\u00eame\u00a0 source.<\/p>\n<p>Les commerces et activit\u00e9s professionnelles concern\u00e9s sont les suivants:\u00a0<\/p>\n<ul>\n<li>Entretien, r\u00e9paration et contr\u00f4le technique de v\u00e9hicules automobiles, de v\u00e9hicules, engins et mat\u00e9riels agricoles, y compris les vulcanisateurs.<\/li>\n<li>Commerce de pi\u00e8ces automobile.<\/li>\n<li>Fournitures n\u00e9cessaires aux exploitations agricoles.<\/li>\n<li>Activit\u00e9s de vente et de distribution des intrants agricoles.<\/li>\n<li>Activit\u00e9s de p\u00eache, d&rsquo;aquaculture et de vente de poisson.<\/li>\n<li>Commerce d&rsquo;aliments, de m\u00e9dicaments et de fournitures pour animaux.<\/li>\n<li>Cabinets v\u00e9t\u00e9rinaires priv\u00e9s.<\/li>\n<li>Commerce de d\u00e9tail d&rsquo;ordinateurs et d&rsquo;\u00e9quipements de l&rsquo;information et de\u00a0la communication.<\/li>\n<li>R\u00e9paration d&rsquo;ordinateurs et d&rsquo;appareils \u00e9lectrom\u00e9nagers.<\/li>\n<li>Commerce de d\u00e9tail de quincaillerie et de droguerie.<\/li>\n<li>Commerce de d\u00e9tail d&rsquo;articles m\u00e9dicaux et orthop\u00e9diques en magasin sp\u00e9cialis\u00e9.<\/li>\n<li>Commerce de d\u00e9tail d\u2019optique.<\/li>\n<li>Blanchisserie-teinturerie et pressing.<\/li>\n<\/ul>\n<p>Le Premier ministre a laiss\u00e9 une marge d\u2019appr\u00e9ciation\u00a0\u00ab\u00a0aux walis d\u00e9tendre les autorisations d&rsquo;exercice \u00e0 d&rsquo;autres activit\u00e9s commerciales jug\u00e9es n\u00e9cessaires \u00e0 la satisfaction des besoins essentiels de la population, tout en \u00e9vitant, ainsi, tout risque de paralysie de l\u2019activit\u00e9 \u00e9conomique du pays\u00bb, conclut\u00a0le communiqu\u00e9.<\/p>\n<p>A ce titre, la wilaya d&rsquo;Alger a somm\u00e9, ce matin, les commer\u00e7ants de\u00a0reprendre leurs activit\u00e9s, \u00e0 partir d&rsquo;aujourd&rsquo;hui,\u00a0dans\u00a0un communiqu\u00e9 publi\u00e9\u00a0sur\u00a0sa page Facebook.<\/p>\n<p><img decoding=\"async\" alt=\"\" src=\"\/data\/upload\/91951792_623628801549405_1709715468517900288_n.jpg\"\/><\/p>\n<p><img decoding=\"async\" alt=\"\" src=\"\/data\/upload\/92023613_594484641150696_8258149068463669248_n.jpg\"\/><\/p>\n<p class=\"c6\"><strong>S. Benmalek<\/strong><\/p>\n<\/div>\n<div id=\"text_core\" readability=\"69\">\n<p>Le Premier ministre, Abdelaziz Djerad, a autoris\u00e9 la reprise de\u00a0certaines cat\u00e9gories d&rsquo;activit\u00e9s\u00a0 \u00ab\u00a0indispensables aux citoyens et ce, dans le strict respect des r\u00e8gles\u00a0 d&rsquo;hygi\u00e8ne et de distanciation sociale \u00e9dict\u00e9es par l&rsquo;autorit\u00e9 sanitaire et ce dans le cadre de la pr\u00e9vention et la lutte contre la propagation de la\u00a0 pand\u00e9mie du Covid-19\u00bb\u00a0, a indiqu\u00e9, ce\u00a0samedi, un communiqu\u00e9 des services du Premier ministre.\u00a0<\/p>\n<p>\u00ab\u00a0En application des directives de Monsieur le Pr\u00e9sident de la R\u00e9publique,\u00a0 le Premier ministre, Monsieur Abdelaziz Djerad, a \u00e9mis une instruction\u00a0 destin\u00e9e \u00e0 lever les entraves constat\u00e9es dans l&rsquo;approvisionnement et la\u00a0 satisfaction des besoins des citoyens concernant un certain nombre\u00a0 d&rsquo;activit\u00e9s de commerce de produits et de services\u00a0\u00bb, a pr\u00e9cis\u00e9 la m\u00eame\u00a0 source.<\/p>\n<p>Les commerces et activit\u00e9s professionnelles concern\u00e9s sont les suivants:\u00a0<\/p>\n<ul>\n<li>Entretien, r\u00e9paration et contr\u00f4le technique de v\u00e9hicules automobiles, de v\u00e9hicules, engins et mat\u00e9riels agricoles, y compris les vulcanisateurs.<\/li>\n<li>Commerce de pi\u00e8ces automobile.<\/li>\n<li>Fournitures n\u00e9cessaires aux exploitations agricoles.<\/li>\n<li>Activit\u00e9s de vente et de distribution des intrants agricoles.<\/li>\n<li>Activit\u00e9s de p\u00eache, d&rsquo;aquaculture et de vente de poisson.<\/li>\n<li>Commerce d&rsquo;aliments, de m\u00e9dicaments et de fournitures pour animaux.<\/li>\n<li>Cabinets v\u00e9t\u00e9rinaires priv\u00e9s.<\/li>\n<li>Commerce de d\u00e9tail d&rsquo;ordinateurs et d&rsquo;\u00e9quipements de l&rsquo;information et de\u00a0la communication.<\/li>\n<li>R\u00e9paration d&rsquo;ordinateurs et d&rsquo;appareils \u00e9lectrom\u00e9nagers.<\/li>\n<li>Commerce de d\u00e9tail de quincaillerie et de droguerie.<\/li>\n<li>Commerce de d\u00e9tail d&rsquo;articles m\u00e9dicaux et orthop\u00e9diques en magasin sp\u00e9cialis\u00e9.<\/li>\n<li>Commerce de d\u00e9tail d\u2019optique.<\/li>\n<li>Blanchisserie-teinturerie et pressing.<\/li>\n<\/ul>\n<p>Le Premier ministre a laiss\u00e9 une marge d\u2019appr\u00e9ciation\u00a0\u00ab\u00a0aux walis d\u00e9tendre les autorisations d&rsquo;exercice \u00e0 d&rsquo;autres activit\u00e9s commerciales jug\u00e9es n\u00e9cessaires \u00e0 la satisfaction des besoins essentiels de la population, tout en \u00e9vitant, ainsi, tout risque de paralysie de l\u2019activit\u00e9 \u00e9conomique du pays\u00bb, conclut\u00a0le communiqu\u00e9.<\/p>\n<p>A ce titre, la wilaya d&rsquo;Alger a somm\u00e9, ce matin, les commer\u00e7ants de\u00a0reprendre leurs activit\u00e9s, \u00e0 partir d&rsquo;aujourd&rsquo;hui,\u00a0dans\u00a0un communiqu\u00e9 publi\u00e9\u00a0sur\u00a0sa page Facebook.<\/p>\n<p><img decoding=\"async\" alt=\"\" src=\"\/data\/upload\/91951792_623628801549405_1709715468517900288_n.jpg\"\/><\/p>\n<p><img decoding=\"async\" alt=\"\" src=\"\/data\/upload\/92023613_594484641150696_8258149068463669248_n.jpg\"\/><\/p>\n<p class=\"c6\"><strong>S. Benmalek<\/strong><\/p>\n<\/div>\n<p>Auteur:<br \/>\n<a href=\"https:\/\/www.liberte-algerie.com\/actualite\/la-liste-des-commerces-sommes-de-reprendre-dactivite-337019\">Cliquez ici pour lire l&rsquo;article depuis sa source.<\/a><\/p>\n","protected":false},"excerpt":{"rendered":"<p>Le Premier ministre, Abdelaziz Djerad, a autoris\u00e9 la reprise de\u00a0certaines cat\u00e9gories d&rsquo;activit\u00e9s\u00a0 \u00ab\u00a0indispensables aux citoyens et ce, dans le strict respect des r\u00e8gles\u00a0 d&rsquo;hygi\u00e8ne et de distanciation sociale \u00e9dict\u00e9es par l&rsquo;autorit\u00e9 sanitaire et ce dans le cadre de la pr\u00e9vention et la lutte contre la propagation de la\u00a0 pand\u00e9mie du Covid-19\u00bb\u00a0, a indiqu\u00e9, ce\u00a0samedi, un [&hellip;]<\/p>\n","protected":false},"author":1742,"featured_media":81170,"comment_status":"closed","ping_status":"closed","sticky":false,"template":"","format":"standard","meta":{"fifu_image_url":"","fifu_image_alt":"","footnotes":""},"categories":[73,53],"tags":[],"class_list":["post-81169","post","type-post","status-publish","format-standard","has-post-thumbnail","hentry","category-actualite","category-algerie"],"_links":{"self":[{"href":"https:\/\/linitiative.ca\/International\/wp-json\/wp\/v2\/posts\/81169","targetHints":{"allow":["GET"]}}],"collection":[{"href":"https:\/\/linitiative.ca\/International\/wp-json\/wp\/v2\/posts"}],"about":[{"href":"https:\/\/linitiative.ca\/International\/wp-json\/wp\/v2\/types\/post"}],"author":[{"embeddable":true,"href":"https:\/\/linitiative.ca\/International\/wp-json\/wp\/v2\/users\/1742"}],"replies":[{"embeddable":true,"href":"https:\/\/linitiative.ca\/International\/wp-json\/wp\/v2\/comments?post=81169"}],"version-history":[{"count":0,"href":"https:\/\/linitiative.ca\/International\/wp-json\/wp\/v2\/posts\/81169\/revisions"}],"wp:featuredmedia":[{"embeddable":true,"href":"https:\/\/linitiative.ca\/International\/wp-json\/"}],"wp:attachment":[{"href":"https:\/\/linitiative.ca\/International\/wp-json\/wp\/v2\/media?parent=81169"}],"wp:term":[{"taxonomy":"category","embeddable":true,"href":"https:\/\/linitiative.ca\/International\/wp-json\/wp\/v2\/categories?post=81169"},{"taxonomy":"post_tag","embeddable":true,"href":"https:\/\/linitiative.ca\/International\/wp-json\/wp\/v2\/tags?post=81169"}],"curies":[{"name":"wp","href":"https:\/\/api.w.org\/{rel}","templated":true}]}}