{"id":81175,"date":"2020-04-04T12:15:32","date_gmt":"2020-04-04T16:15:32","guid":{"rendered":"https:\/\/linitiative.ca\/International\/858-cas-confirmes-au-maroc-3-nouvelles-guerisons-enregistrees\/"},"modified":"2020-04-04T12:15:32","modified_gmt":"2020-04-04T16:15:32","slug":"858-cas-confirmes-au-maroc-3-nouvelles-guerisons-enregistrees","status":"publish","type":"post","link":"https:\/\/linitiative.ca\/International\/858-cas-confirmes-au-maroc-3-nouvelles-guerisons-enregistrees\/","title":{"rendered":"858 cas confirm\u00e9s au Maroc, 3 nouvelles gu\u00e9risons enregistr\u00e9es"},"content":{"rendered":"<div class=\"single-featured\"><img alt=\"\" data-src=\"http:\/\/www.mapmarrakech.ma\/map\/uploads\/2020\/04\/bilan-858-FR.jpeg\"\/><\/div>\n<div class=\"single-post-excerpt post-excerpt-bc\" readability=\"36\">\n<p>Rabat \u2013 Quatorze nouveaux cas d\u2019infection au nouveau coronavirus (Covid-19) ont \u00e9t\u00e9 confirm\u00e9s au Maroc jusqu\u2019\u00e0 samedi \u00e0 13h00, portant \u00e0 858 le nombre total des cas de contaminations, annonce le minist\u00e8re de la Sant\u00e9.<\/p>\n<\/div>\n<div class=\"entry-content clearfix single-post-content\" readability=\"61\">\n<p>Le nombre de r\u00e9missions s\u2019est \u00e9lev\u00e9 \u00e0 62, avec la d\u00e9claration de trois nouveaux cas de gu\u00e9rison, alors le nombre de d\u00e9c\u00e8s stagne \u00e0 50, pr\u00e9cise le minist\u00e8re sur le portail \u00ab\u00a0www.covidmaroc.ma\u00a0\u00bb.<\/p>\n<p>Par ailleurs, le nombre total des cas exclus apr\u00e8s des r\u00e9sultats n\u00e9gatifs d\u2019analyses effectu\u00e9es au laboratoire s\u2019est \u00e9tabli \u00e0 3.212, indique-t-on de m\u00eame source.<\/p>\n<p>Les 858 cas test\u00e9s positifs ont \u00e9t\u00e9 recens\u00e9s dans les r\u00e9gions de Casablanca-Settat (241), Rabat Sal\u00e9 Kenitra (162), Marrakech Safi (139), F\u00e8s-Meknes (121), Tanger Tetouan Al Hoceima (58), l\u2019Oriental (51), Daraa-tafilalet (36), Beni Mellal-Kh\u00e9nifra (26), Souss-Massa (19), La\u00e2youne-Sakia El Hamra (4) et Guelmim Oued Noun (1), pr\u00e9cise le site.<\/p>\n<p>Le minist\u00e8re invite les citoyens \u00e0 respecter les r\u00e8gles d\u2019hygi\u00e8ne et de s\u00e9curit\u00e9 sanitaire ainsi que les mesures pr\u00e9ventives prises par les autorit\u00e9s marocaines en faisant preuve de responsabilit\u00e9 et de patriotisme.<\/p>\n<\/div>\n<p>Auteur: Meriem IGASS<br \/>\n<a href=\"http:\/\/www.mapmarrakech.ma\/fr\/858-cas-confirmes-au-maroc-3-nouvelles-guerisons-enregistrees\/\">Cliquez ici pour lire l&rsquo;article depuis sa source.<\/a><\/p>\n","protected":false},"excerpt":{"rendered":"<p>Rabat \u2013 Quatorze nouveaux cas d\u2019infection au nouveau coronavirus (Covid-19) ont \u00e9t\u00e9 confirm\u00e9s au Maroc jusqu\u2019\u00e0 samedi \u00e0 13h00, portant \u00e0 858 le nombre total des cas de contaminations, annonce le minist\u00e8re de la Sant\u00e9. Le nombre de r\u00e9missions s\u2019est \u00e9lev\u00e9 \u00e0 62, avec la d\u00e9claration de trois nouveaux cas de gu\u00e9rison, alors le nombre [&hellip;]<\/p>\n","protected":false},"author":1788,"featured_media":81176,"comment_status":"closed","ping_status":"closed","sticky":false,"template":"","format":"standard","meta":{"fifu_image_url":"","fifu_image_alt":"","footnotes":""},"categories":[54,76],"tags":[],"class_list":["post-81175","post","type-post","status-publish","format-standard","has-post-thumbnail","hentry","category-maroc","category-regions"],"_links":{"self":[{"href":"https:\/\/linitiative.ca\/International\/wp-json\/wp\/v2\/posts\/81175","targetHints":{"allow":["GET"]}}],"collection":[{"href":"https:\/\/linitiative.ca\/International\/wp-json\/wp\/v2\/posts"}],"about":[{"href":"https:\/\/linitiative.ca\/International\/wp-json\/wp\/v2\/types\/post"}],"author":[{"embeddable":true,"href":"https:\/\/linitiative.ca\/International\/wp-json\/wp\/v2\/users\/1788"}],"replies":[{"embeddable":true,"href":"https:\/\/linitiative.ca\/International\/wp-json\/wp\/v2\/comments?post=81175"}],"version-history":[{"count":0,"href":"https:\/\/linitiative.ca\/International\/wp-json\/wp\/v2\/posts\/81175\/revisions"}],"wp:featuredmedia":[{"embeddable":true,"href":"https:\/\/linitiative.ca\/International\/wp-json\/"}],"wp:attachment":[{"href":"https:\/\/linitiative.ca\/International\/wp-json\/wp\/v2\/media?parent=81175"}],"wp:term":[{"taxonomy":"category","embeddable":true,"href":"https:\/\/linitiative.ca\/International\/wp-json\/wp\/v2\/categories?post=81175"},{"taxonomy":"post_tag","embeddable":true,"href":"https:\/\/linitiative.ca\/International\/wp-json\/wp\/v2\/tags?post=81175"}],"curies":[{"name":"wp","href":"https:\/\/api.w.org\/{rel}","templated":true}]}}