{"id":81177,"date":"2020-04-04T06:33:38","date_gmt":"2020-04-04T10:33:38","guid":{"rendered":"https:\/\/linitiative.ca\/International\/ghardaia-plus-de-290-hemodialyses-vivent-une-situation-anxiogene-face-a-la-propagation-du-covid-19\/"},"modified":"2020-04-04T06:33:38","modified_gmt":"2020-04-04T10:33:38","slug":"ghardaia-plus-de-290-hemodialyses-vivent-une-situation-anxiogene-face-a-la-propagation-du-covid-19","status":"publish","type":"post","link":"https:\/\/linitiative.ca\/International\/ghardaia-plus-de-290-hemodialyses-vivent-une-situation-anxiogene-face-a-la-propagation-du-covid-19\/","title":{"rendered":"Gharda\u00efa : plus de 290 h\u00e9modialys\u00e9s vivent une situation anxiog\u00e8ne face \u00e0\u00a0la propagation du Covid-19"},"content":{"rendered":"<div readability=\"34\">\n<p><strong>GHARDAIA- Plus de 290 personnes vuln\u00e9rables et h\u00e9modialys\u00e9s de la wilaya de Gharda\u00efa vivent une situation anxiog\u00e8ne et sont confront\u00e9s \u00e0 une tourmente immunitaire dont les d\u00e9fenses ne sont pas\u00a0aptes \u00e0 supporter la propagation du nouveau coronavirus (Covid-19).<\/strong><\/p>\n<\/div>\n<div readability=\"99\">\n<p>Soumis trois fois par semaine, dans les centres d\u2019h\u00e9modialyse \u00e0 travers la wilaya, \u00e0 des s\u00e9ances de dialyse de pr\u00e8s de quatre heures indispensables \u00e0 leurs survie, ces patients risquent \u00ab\u00a0s\u00e9rieusement\u00a0\u00bb la contamination du COVID-19 \u00e0 chaque d\u00e9placement, a indiqu\u00e9 Dr. Farid Taib, n\u00e9phrologue, responsable d\u2019un centre d\u2019h\u00e9modialyse \u00e0 Ghardaia.<\/p>\n<p>Ces sujets \u00e0 risque combinent une fragilit\u00e9 intrins\u00e8que et un fardeau tr\u00e8s fr\u00e9quent de comorbidit\u00e9 et sont oblig\u00e9s d\u2019observer de fa\u00e7on stricte et r\u00e9guli\u00e8re les gestes \u00ab\u00a0barri\u00e8res\u00a0\u00bb de protection contre la pand\u00e9mie\u00a0coronarienne, afin d\u2019\u00e9viter de d\u00e9velopper des formes plus graves de maladie, a expliqu\u00e9 Dr Taib.<\/p>\n<p>Des mesures de pr\u00e9vention et de s\u00e9curit\u00e9 sanitaire contre les infections sont prises \u00e0 l\u2019entr\u00e9e du centre par l\u2019intensification de l\u2019hygi\u00e8ne et la d\u00e9sinfection, en plus du lavage des mains et de la prise de temp\u00e9rature avant et apr\u00e8s dialyse, a affirm\u00e9 le n\u00e9phrologue.<\/p>\n<p>Tous les patients sont admis directement \u00e0 la s\u00e9ance de dialyse en isolement, sans passer par une salle d\u2019attente, afin d\u2019\u00e9viter et de limiter le contact avec d\u2019autres, a fait savoir le praticien, ajoutant que le port\u00a0du masque facial pendant la s\u00e9ance pour le patient est obligatoire.<\/p>\n<blockquote readability=\"12\">\n<p><em><strong>\u00ab\u00a0Pour \u00e9viter d\u2019attraper le virus, nous pr\u00e9conisons aux malades d\u2019appliquer les mesures pr\u00e9ventives d\u2019usage et de prendre des pr\u00e9cautions quotidiennes pour garder une distance avec les autres membres de la famille, de se confiner \u00e0 la maison les jours sans dialyse, d\u2019\u00e9viter les transports en commun et de s\u2019abstenir de tout contact avec les enfants\u00a0\u00bb, a-t-il indiqu\u00e9.<\/strong><\/em><\/p>\n<\/blockquote>\n<p>\u00ab\u00a0Nous conseillons \u00e9galement aux patients dialys\u00e9s la n\u00e9cessit\u00e9 plus que jamais de se nourrir sainement, de lutter contre le stress et le sommeil perturb\u00e9, les pires ennemis du syst\u00e8me immunitaire\u00a0\u00bb, a poursuivi Dr.Taib.<\/p>\n<p>Toutes les dispositions d\u2019aseptisation avant et apr\u00e8s chaque s\u00e9ance de dialyse du mat\u00e9riel et du g\u00e9n\u00e9rateur ainsi que les lits et les moyens de transports sont effectu\u00e9s afin d\u2019\u00e9viter les contaminations, a-t-il soutenu, ajoutant qu\u2019il est appris aux malades \u00e0 g\u00e9rer leur \u00e9nergie pour \u00e9viter la d\u00e9charge brutale, \u00e0 se prot\u00e9ger, \u00e0 \u00e9viter les rassemblements et \u00e0 appliquer rigoureusement les r\u00e8gles d\u2019hygi\u00e8nes.<\/p>\n<blockquote readability=\"12\">\n<p><strong>\u00ab\u00a0Pour chaque s\u00e9ance d\u2019h\u00e9modialyse, je dois me pr\u00eater \u00e0 un rituel contraignant et fatigant, notamment pr\u00e9parer mon bras pour une fistule art\u00e9ro-veineuse pour se brancher \u00e0 un g\u00e9n\u00e9rateur de dialyse qui filtrera quatre longues heures durant mon sang\u00a0\u00bb, a expliqu\u00e9 H\u2019mida, un dialys\u00e9 de M\u00e9tlili en confiant qu\u2019\u00e0 cela s\u2019ajoute un traitement m\u00e9dical (cinq m\u00e9dicaments).<\/strong><\/p>\n<\/blockquote>\n<p>\u00ab\u00a0C\u2019est un long parcours du combattant pour la survie auquel vient s\u2019ajouter ce virus coronarien pour compliquer mon existence\u00a0\u00bb, lance-t-il am\u00e8rement.<\/p>\n<p>Pour les responsables des services d\u2019h\u00e9modialyse \u00e0 travers la wilaya, toutes les recommandations et protocoles de prise en charge des dialys\u00e9s durant cette p\u00e9riode de pand\u00e9mie coronarienne sont \u00ab\u00a0scrupuleusement suivis\u00a0\u00bb, notamment en mati\u00e8re d\u2019hygi\u00e8ne, d\u2019aseptisation des appareils et\u00a0autres mat\u00e9riels ainsi que la literie et les moyens de transport des malades dialys\u00e9s.<\/p>\n<\/div>\n<p>Auteur:<br \/>\n<a href=\"http:\/\/www.aps.dz\/regions\/103699-ghardaia-plus-de-290-hemodialyses-vivent-une-situation-anxiogene-face-a-la-propagation-du-covid-19\">Cliquez ici pour lire l&rsquo;article depuis sa source.<\/a><\/p>\n","protected":false},"excerpt":{"rendered":"<p>GHARDAIA- Plus de 290 personnes vuln\u00e9rables et h\u00e9modialys\u00e9s de la wilaya de Gharda\u00efa vivent une situation anxiog\u00e8ne et sont confront\u00e9s \u00e0 une tourmente immunitaire dont les d\u00e9fenses ne sont pas\u00a0aptes \u00e0 supporter la propagation du nouveau coronavirus (Covid-19). Soumis trois fois par semaine, dans les centres d\u2019h\u00e9modialyse \u00e0 travers la wilaya, \u00e0 des s\u00e9ances de [&hellip;]<\/p>\n","protected":false},"author":1790,"featured_media":0,"comment_status":"closed","ping_status":"closed","sticky":false,"template":"","format":"standard","meta":{"fifu_image_url":"","fifu_image_alt":"","footnotes":""},"categories":[53,76],"tags":[],"class_list":["post-81177","post","type-post","status-publish","format-standard","hentry","category-algerie","category-regions"],"_links":{"self":[{"href":"https:\/\/linitiative.ca\/International\/wp-json\/wp\/v2\/posts\/81177","targetHints":{"allow":["GET"]}}],"collection":[{"href":"https:\/\/linitiative.ca\/International\/wp-json\/wp\/v2\/posts"}],"about":[{"href":"https:\/\/linitiative.ca\/International\/wp-json\/wp\/v2\/types\/post"}],"author":[{"embeddable":true,"href":"https:\/\/linitiative.ca\/International\/wp-json\/wp\/v2\/users\/1790"}],"replies":[{"embeddable":true,"href":"https:\/\/linitiative.ca\/International\/wp-json\/wp\/v2\/comments?post=81177"}],"version-history":[{"count":0,"href":"https:\/\/linitiative.ca\/International\/wp-json\/wp\/v2\/posts\/81177\/revisions"}],"wp:attachment":[{"href":"https:\/\/linitiative.ca\/International\/wp-json\/wp\/v2\/media?parent=81177"}],"wp:term":[{"taxonomy":"category","embeddable":true,"href":"https:\/\/linitiative.ca\/International\/wp-json\/wp\/v2\/categories?post=81177"},{"taxonomy":"post_tag","embeddable":true,"href":"https:\/\/linitiative.ca\/International\/wp-json\/wp\/v2\/tags?post=81177"}],"curies":[{"name":"wp","href":"https:\/\/api.w.org\/{rel}","templated":true}]}}