{"id":81180,"date":"2020-04-04T13:32:23","date_gmt":"2020-04-04T17:32:23","guid":{"rendered":"https:\/\/linitiative.ca\/International\/confinement-une-opportunite-pour-une-reflexion-collective-des-liens-en-societe\/"},"modified":"2020-04-04T13:32:23","modified_gmt":"2020-04-04T17:32:23","slug":"confinement-une-opportunite-pour-une-reflexion-collective-des-liens-en-societe","status":"publish","type":"post","link":"https:\/\/linitiative.ca\/International\/confinement-une-opportunite-pour-une-reflexion-collective-des-liens-en-societe\/","title":{"rendered":"Confinement: une \u00ab\u00a0opportunit\u00e9 pour une r\u00e9flexion collective des liens\u00a0\u00bb en soci\u00e9t\u00e9"},"content":{"rendered":"<div readability=\"38\">\n<p><strong>TIZI-OUZOU- La mesure de confinement dict\u00e9e par le souci de pr\u00e9vention de la propagation du coronavirus Covid-19 peut \u00eatre \u00ab\u00a0une opportunit\u00e9 pour une r\u00e9flexion collective des liens\u00a0\u00bb en soci\u00e9t\u00e9, a consid\u00e9r\u00e9 samedi, Nassima Haddad, psychologue-chercheur et enseignante \u00e0 l&rsquo;Universit\u00e9 Mouloud Mammeri de Tizi-Ouzou (UMMTO).<\/strong><\/p>\n<\/div>\n<div readability=\"70\">\n<p>\u00ab\u00a0C&rsquo;est une situation sociale particuli\u00e8re qui remet \u00e0 l&rsquo;ordre du jour la probl\u00e9matique du lien entre les individus au sein de la soci\u00e9t\u00e9. Elle met l&rsquo;individu face \u00e0 lui-m\u00eame en faisant rejaillir la probl\u00e9matique de ses liens avec son entourage, sa famille et la soci\u00e9t\u00e9 dans son ensemble\u00a0\u00bb, a soulign\u00e9 l&rsquo;universitaire dans une d\u00e9claration \u00e0 l&rsquo;APS.<\/p>\n<blockquote readability=\"11\">\n<p><em><strong>Des liens, a-t-elle pr\u00e9conis\u00e9, qu&rsquo;il faudrait \u00ab\u00a0r\u00e9fl\u00e9chir collectivement en se disant chacun je dois \u00eatre solidaire avec les autres de mani\u00e8re \u00e0 trouver des solutions prot\u00e9g\u00e9es et protectrices pour tous\u00a0\u00bb, consid\u00e9rant que cette pand\u00e9mie qui impose \u00ab\u00a0une r\u00e9organisation de la vie sociale peut constituer une opportunit\u00e9 pour une r\u00e9flexion collective de ces liens\u00a0\u00bb.<\/strong><\/em><\/p>\n<\/blockquote>\n<p>\u00ab\u00a0L&rsquo;individu doublement confin\u00e9, chez lui et en lui-m\u00eame, durant cette p\u00e9riode doit la mettre \u00e0 profit pour reconsid\u00e9rer et r\u00e9investir le lien avec l&rsquo;autre, qu&rsquo;ils soient membres de sa famille ou de son entourage ext\u00e9rieur\u00a0\u00bb, a-t-elle expliqu\u00e9 consid\u00e9rant qu&rsquo;il s&rsquo;agit d'\u00a0\u00bbun test des capacit\u00e9s intrins\u00e8ques de chacun pour mesurer sa souplesse \u00e0 s&rsquo;adapter aux situations nouvelles et\/ou porteuses de risques\u00a0\u00bb.<\/p>\n<blockquote readability=\"17\">\n<p><em><strong>Par ailleurs, a estim\u00e9 Mme Haddad, cette situation de confinement met en sc\u00e8ne 02 types de solidarit\u00e9s. L&rsquo;une, \u00ab\u00a0positive\u00a0\u00bb, et consiste \u00e0 \u00ab\u00a0reconsid\u00e9rer et reconstruire les liens au sein de la famille et de la soci\u00e9t\u00e9\u00a0\u00bb, l&rsquo;autre, \u00ab\u00a0n\u00e9gative\u00a0\u00bb, et s&rsquo;exprime \u00e0 travers, notamment, \u00ab\u00a0la reproduction des informations n\u00e9gatives qui nourrissent et renforcent la peur\u00a0\u00bb.<\/strong><\/em><\/p>\n<\/blockquote>\n<p>La reproduction des informations n\u00e9gatives, notamment, celles relatives aux d\u00e9c\u00e8s et aux diff\u00e9rentes contraintes rencontr\u00e9es face \u00e0 cette pand\u00e9mie, traduit une forme de \u00ab\u00a0solidarit\u00e9\u00a0\u00bb d\u00e9moralisante qui est \u00ab\u00a0l&rsquo;expression d&rsquo;une peur qu&rsquo;on n&rsquo;arrive pas \u00e0 dompter et \u00e0 d\u00e9passer et, partant, qu&rsquo;on nourrit\u00a0\u00bb, conseillant, \u00e0 ce titre, d'\u00a0\u00bb\u00e9viter de r\u00e9percuter ce genred&rsquo;informations\u00a0\u00bb et de recourir \u00e0 \u00ab\u00a0des activit\u00e9s interactives et toutes sortes de travaux qui peuvent all\u00e9ger cette situation de confinement\u00a0\u00bb.<\/p>\n<\/div>\n<p>Auteur:<br \/>\n<a href=\"http:\/\/www.aps.dz\/regions\/103725-confinement-une-opportunite-pour-une-reflexion-collective-des-liens-en-societe\">Cliquez ici pour lire l&rsquo;article depuis sa source.<\/a><\/p>\n","protected":false},"excerpt":{"rendered":"<p>TIZI-OUZOU- La mesure de confinement dict\u00e9e par le souci de pr\u00e9vention de la propagation du coronavirus Covid-19 peut \u00eatre \u00ab\u00a0une opportunit\u00e9 pour une r\u00e9flexion collective des liens\u00a0\u00bb en soci\u00e9t\u00e9, a consid\u00e9r\u00e9 samedi, Nassima Haddad, psychologue-chercheur et enseignante \u00e0 l&rsquo;Universit\u00e9 Mouloud Mammeri de Tizi-Ouzou (UMMTO). \u00ab\u00a0C&rsquo;est une situation sociale particuli\u00e8re qui remet \u00e0 l&rsquo;ordre du jour [&hellip;]<\/p>\n","protected":false},"author":1790,"featured_media":0,"comment_status":"closed","ping_status":"closed","sticky":false,"template":"","format":"standard","meta":{"fifu_image_url":"","fifu_image_alt":"","footnotes":""},"categories":[53,76],"tags":[],"class_list":["post-81180","post","type-post","status-publish","format-standard","hentry","category-algerie","category-regions"],"_links":{"self":[{"href":"https:\/\/linitiative.ca\/International\/wp-json\/wp\/v2\/posts\/81180","targetHints":{"allow":["GET"]}}],"collection":[{"href":"https:\/\/linitiative.ca\/International\/wp-json\/wp\/v2\/posts"}],"about":[{"href":"https:\/\/linitiative.ca\/International\/wp-json\/wp\/v2\/types\/post"}],"author":[{"embeddable":true,"href":"https:\/\/linitiative.ca\/International\/wp-json\/wp\/v2\/users\/1790"}],"replies":[{"embeddable":true,"href":"https:\/\/linitiative.ca\/International\/wp-json\/wp\/v2\/comments?post=81180"}],"version-history":[{"count":0,"href":"https:\/\/linitiative.ca\/International\/wp-json\/wp\/v2\/posts\/81180\/revisions"}],"wp:attachment":[{"href":"https:\/\/linitiative.ca\/International\/wp-json\/wp\/v2\/media?parent=81180"}],"wp:term":[{"taxonomy":"category","embeddable":true,"href":"https:\/\/linitiative.ca\/International\/wp-json\/wp\/v2\/categories?post=81180"},{"taxonomy":"post_tag","embeddable":true,"href":"https:\/\/linitiative.ca\/International\/wp-json\/wp\/v2\/tags?post=81180"}],"curies":[{"name":"wp","href":"https:\/\/api.w.org\/{rel}","templated":true}]}}