{"id":81186,"date":"2020-04-03T19:32:00","date_gmt":"2020-04-03T23:32:00","guid":{"rendered":"https:\/\/linitiative.ca\/International\/manigances-et-subterfuges-dans-larp-de-la-honte\/"},"modified":"2020-04-03T19:32:00","modified_gmt":"2020-04-03T23:32:00","slug":"manigances-et-subterfuges-dans-larp-de-la-honte","status":"publish","type":"post","link":"https:\/\/linitiative.ca\/International\/manigances-et-subterfuges-dans-larp-de-la-honte\/","title":{"rendered":"Manigances et subterfuges dans l\u2019ARP de la honte !"},"content":{"rendered":"<p><strong><em>Ils sont capables de se chamailler, de pavoiser et de p\u00e9rorer durant de longues heures, simplement, pour montrer qu\u2019ils sont l\u00e0 et qu\u2019ils ont quelque chose \u00e0 dire. Mais, lorsqu\u2019il s\u2019agit de choses s\u00e9rieuses, ils se plantent comme des gamins ignares.<\/em><\/strong><\/p>\n<p><strong><em>La journ\u00e9e d\u2019hier a \u00e9t\u00e9, encore une fois, la preuve de l\u2019incomp\u00e9tence et de l\u2019insouciance de ces repr\u00e9sentants du peuple qui n\u2019ont m\u00eame pas \u00e9t\u00e9 capables du mal qu\u2019ils sont en train de faire au pays, en reportant le vote sur la d\u00e9l\u00e9gation des pouvoirs au pr\u00e9sident du gouvernement.<\/em><\/strong><\/p>\n<p>Pr\u00e9m\u00e9dit\u00e9 ou non, le report de la pl\u00e9ni\u00e8re de l\u2019Assembl\u00e9e des repr\u00e9sentants du peuple (ARP) \u00e0 aujourd\u2019hui est un signe r\u00e9v\u00e9lateur de l\u2019incomp\u00e9tence de ces d\u00e9put\u00e9s et du bureau de l\u2019Assembl\u00e9e qui n\u2019a m\u00eame pas \u00e9t\u00e9 capable d\u2019organiser de bonne mani\u00e8re un vote \u00e0 distance, alors que de nombreuses comp\u00e9tences tunisiennes auraient r\u00e9pondu \u00e0 l\u2019appel, pour permettre ce vote, de la meilleure des mani\u00e8res possible.<\/p>\n<p>Et, comme le dit l\u2019adage tunisien, ils ont pr\u00e9f\u00e9r\u00e9 \u00ab\u00a0mettre les tapis, avant la construction de la mosqu\u00e9e\u00a0\u00bb, privil\u00e9giant passer, en premier, le deuxi\u00e8me projet de loi sur le transfert de l&#8217;emprunt obligataire \u00e9mis par la Banque centrale de Tunisie (BCT) sur le march\u00e9 financier international au profit de l&rsquo;Etat<\/p>\n<p>L\u2019ARP devait, en principe, examiner la proposition de loi n\u00b030-2020 sur la d\u00e9l\u00e9gation de pouvoir au chef du gouvernement, en mati\u00e8re de publication des d\u00e9crets lois, et ce, en application de l&rsquo;alin\u00e9a 2 de l&rsquo;article 70 de la Constitution, surtout que c\u2019est la s\u00e9curit\u00e9 et le bien-\u00eatre du citoyen qui sont concern\u00e9s.<\/p>\n<p>Pourtant, le projet de loi, propos\u00e9 par le gouvernement et soumis au parlement depuis le 25 mars, vise \u00e0 lutter contre l&rsquo;\u00e9pid\u00e9mie du coronavirus et \u00e0 tenter de limiter ses r\u00e9percussions, en h\u00e2tant la mise en place des mesures n\u00e9cessaires \u00e0 la gestion de cette crise. Mais, nos d\u00e9put\u00e9s s\u2019en tapent.<\/p>\n<p>Cela traine, depuis bien avant, puisque le 22 mars dernier, dans une adresse aux Tunisiens, le chef du gouvernement Ely\u00e8s Fakhfakh a appel\u00e9 \u00e0 l&rsquo;application de l&rsquo;article 70 de la Constitution au regard du contexte sanitaire crucial et exceptionnel que vit le pays.<\/p>\n<p>L&rsquo;article 70 de la Constitution habilite le chef du gouvernement \u00e0 l\u00e9gif\u00e9rer, pendant un d\u00e9lai limit\u00e9, par ordonnances. Il dispose que \u00ab\u00a0l&rsquo;Assembl\u00e9e des repr\u00e9sentants du peuple peut, au trois-cinqui\u00e8me de ses membres, habiliter par une loi, le chef du gouvernement, pour une p\u00e9riode ne d\u00e9passant pas deux mois et, en vue d&rsquo;un objectif d\u00e9termin\u00e9, \u00e0 prendre des d\u00e9crets lois, dans le domaine relevant de la loi. A l&rsquo;expiration de cette p\u00e9riode, ces d\u00e9crets lois sont soumis \u00e0 l&rsquo;approbation de l&rsquo;Assembl\u00e9e\u00a0\u00bb.<\/p>\n<p>Mardi dernier, la commission de R\u00e8glement int\u00e9rieur, de l&rsquo;Immunit\u00e9 et des Lois parlementaires a approuv\u00e9, dans sa version amend\u00e9e, le projet de loi n\u00b030-2020 portant d\u00e9l\u00e9gation au chef du gouvernement le pouvoir de publier des d\u00e9crets lois pour lutter contre la crise du Covid-19.<\/p>\n<p>Dans son rapport, la commission a limit\u00e9 le temps de la d\u00e9l\u00e9gation de pouvoir \u00e0 un mois au lieu de deux.<\/p>\n<p>Le rapport de la commission a \u00e9t\u00e9, ensuite, soumis au bureau de l&rsquo;ARP qui a fix\u00e9 la date du 3 avril pour la discussion du projet de loi en question.<\/p>\n<p>Jeudi 2 avril, une r\u00e9union de consensus au sujet du projet de loi sur la d\u00e9l\u00e9gation de pouvoir au chef du gouvernement a lieu, au Palais du Bardo, entre les pr\u00e9sidents des groupes parlementaires et une d\u00e9l\u00e9gation gouvernementale. Au cours de cette r\u00e9union, il a \u00e9t\u00e9 d\u00e9cid\u00e9 de d&rsquo;annuler les amendements, d\u00e9cid\u00e9s en commission, et relatifs au temps de d\u00e9l\u00e9gation de pouvoir et \u00e0 la contestation de la constitutionnalit\u00e9 des d\u00e9crets lois promulgu\u00e9s par le chef du gouvernement.<\/p>\n<p>Auteur: letemps1<br \/>\n<a href=\"http:\/\/www.letemps.com.tn\/article\/112448\/manigances-et-subterfuges-dans-l%E2%80%99arp-de-la-honte\">Cliquez ici pour lire l&rsquo;article depuis sa source.<\/a><\/p>\n","protected":false},"excerpt":{"rendered":"<p>Ils sont capables de se chamailler, de pavoiser et de p\u00e9rorer durant de longues heures, simplement, pour montrer qu\u2019ils sont l\u00e0 et qu\u2019ils ont quelque chose \u00e0 dire. Mais, lorsqu\u2019il s\u2019agit de choses s\u00e9rieuses, ils se plantent comme des gamins ignares. La journ\u00e9e d\u2019hier a \u00e9t\u00e9, encore une fois, la preuve de l\u2019incomp\u00e9tence et de [&hellip;]<\/p>\n","protected":false},"author":1773,"featured_media":0,"comment_status":"closed","ping_status":"closed","sticky":false,"template":"","format":"standard","meta":{"fifu_image_url":"","fifu_image_alt":"","footnotes":""},"categories":[73,55],"tags":[],"class_list":["post-81186","post","type-post","status-publish","format-standard","hentry","category-actualite","category-tunisie"],"_links":{"self":[{"href":"https:\/\/linitiative.ca\/International\/wp-json\/wp\/v2\/posts\/81186","targetHints":{"allow":["GET"]}}],"collection":[{"href":"https:\/\/linitiative.ca\/International\/wp-json\/wp\/v2\/posts"}],"about":[{"href":"https:\/\/linitiative.ca\/International\/wp-json\/wp\/v2\/types\/post"}],"author":[{"embeddable":true,"href":"https:\/\/linitiative.ca\/International\/wp-json\/wp\/v2\/users\/1773"}],"replies":[{"embeddable":true,"href":"https:\/\/linitiative.ca\/International\/wp-json\/wp\/v2\/comments?post=81186"}],"version-history":[{"count":0,"href":"https:\/\/linitiative.ca\/International\/wp-json\/wp\/v2\/posts\/81186\/revisions"}],"wp:attachment":[{"href":"https:\/\/linitiative.ca\/International\/wp-json\/wp\/v2\/media?parent=81186"}],"wp:term":[{"taxonomy":"category","embeddable":true,"href":"https:\/\/linitiative.ca\/International\/wp-json\/wp\/v2\/categories?post=81186"},{"taxonomy":"post_tag","embeddable":true,"href":"https:\/\/linitiative.ca\/International\/wp-json\/wp\/v2\/tags?post=81186"}],"curies":[{"name":"wp","href":"https:\/\/api.w.org\/{rel}","templated":true}]}}