{"id":81202,"date":"2020-04-04T08:18:26","date_gmt":"2020-04-04T12:18:26","guid":{"rendered":"https:\/\/linitiative.ca\/International\/103708-jm-d-oran-vers-l-organisation-d-un-maximum-de-manifestations-sportives-pour-tester-les-infrastructures\/"},"modified":"2020-04-04T08:18:26","modified_gmt":"2020-04-04T12:18:26","slug":"103708-jm-d-oran-vers-l-organisation-d-un-maximum-de-manifestations-sportives-pour-tester-les-infrastructures","status":"publish","type":"post","link":"https:\/\/linitiative.ca\/International\/103708-jm-d-oran-vers-l-organisation-d-un-maximum-de-manifestations-sportives-pour-tester-les-infrastructures\/","title":{"rendered":"JM d&rsquo;Oran: vers l\u2019organisation d&rsquo;un maximum de manifestations sportives pour tester les infrastructures"},"content":{"rendered":"<div readability=\"38\">\n<p><strong>ORAN- Le Comit\u00e9 d\u2019organisation des Jeux m\u00e9diterran\u00e9ens (COJM), pr\u00e9vus \u00e0 Oran en 2021 avant qu\u2019ils ne soient report\u00e9s d&rsquo;un an, entend profiter de ce renvoi pour organiser le maximum de comp\u00e9titions au\u00a0niveau des nouvelles infrastructures sportives en guise d\u2019essais, a-t-on appris samedi de cet organisme.<\/strong><\/p>\n<\/div>\n<div readability=\"80\">\n<p>Le report de la 19e \u00e9dition des JM, en raison de la situation sanitaire pr\u00e9valant actuellement dans le monde entier, marqu\u00e9e par la propagation de la pand\u00e9mie de coronavirus, devrait permettre de tester les diff\u00e9rents \u00e9quipements sportifs en cours de construction ou ceux subissant des travaux de r\u00e9am\u00e9nagement en pr\u00e9vision de l\u2019\u00e9v\u00e8nement sportif m\u00e9diterran\u00e9en, a expliqu\u00e9 \u00e0 l&rsquo;APS le premier responsable du COJM, Salim Iles.<\/p>\n<p>Avant l\u2019annonce, mardi pass\u00e9 par le ministre de la Jeunesse et des Sports, Sid Ali Khaldi, du report des JM d\u2019Oran, une d\u00e9cision prise en commun accord avec le Comit\u00e9 international des Jeux m\u00e9diterran\u00e9ens (CIJM), les organisateurs du rendez-vous oranais avaient enclench\u00e9 une course contre la\u00a0montre pour r\u00e9ussir une \u00e9dition \u00e0 la hauteur des esp\u00e9rances.<\/p>\n<blockquote readability=\"9\">\n<p><em><strong>Seulement, l\u2019apparition de la pand\u00e9mie de coronavirus dans la quasi-totalit\u00e9 de la plan\u00e8te risque de causer du retard dans la livraison des infrastructures sportives concern\u00e9es par l\u2019\u00e9v\u00e8nement que l\u2019Alg\u00e9rie\u00a0abrite pour la deuxi\u00e8me fois de son histoire apr\u00e8s avoir accueilli la 7e \u00e9dition \u00e0 Alger en 1975.<\/strong><\/em><\/p>\n<\/blockquote>\n<p>\u00ab\u00a0Comme tout le monde le sait, le CIJM exige que toutes les infrastructures sportives, notamment celles nouvellement construites, \u00e0 l\u2019image du complexe sportif de Bir El Djir dont les travaux touchent \u00e0 leur fin, qu\u2019elles subissent des essais en accueillant des comp\u00e9titions sportives servant de simulation en pr\u00e9vision des JM. Or, avec la nouvelle donne (coronavirus, ndlr), on risque d\u2019avoir des probl\u00e8mes pour tester les nouveaux \u00e9quipements sportifs actuellement\u00a0\u00bb, a encore dit Iles.<\/p>\n<blockquote readability=\"11\">\n<p><em><strong>A Oran, et m\u00eame si l\u2019heure n\u2019est pas pour \u00e9voquer les affaires sportives, on souhaite l\u2019organisation au niveau du nouveau stade de 40.000 places de la prochaine \u00e9dition de la finale de la Coupe d\u2019Alg\u00e9rie de football, surtout que celle-ci devrait \u00eatre report\u00e9e \u00e0 une date ult\u00e9rieure en raison de la suspension prolong\u00e9e de toutes les comp\u00e9titions sportives.<\/strong><\/em><\/p>\n<\/blockquote>\n<p>Le responsable du COJM se dit partisan de cette id\u00e9e, surtout que le nouveau stade d\u2019Oran, o\u00f9 se poursuit actuellement l\u2019op\u00e9ration de semence du gazon naturel, devrait \u00eatre r\u00e9ceptionn\u00e9 en juin prochain, date programm\u00e9e aussi pour l\u2019ach\u00e8vement des travaux des autres unit\u00e9s du complexe sportif \u00e0\u00a0l\u2019image de la salle omnisports (6.000 places), du centre nautique compos\u00e9 de trois piscines et du stade d\u2019athl\u00e9tisme (4.000 places).<\/p>\n<\/div>\n<p>Auteur:<br \/>\n<a href=\"http:\/\/www.aps.dz\/sport\/103708-jm-d-oran-vers-l-organisation-d-un-maximum-de-manifestations-sportives-pour-tester-les-infrastructures?utm_source=feedburner&#038;utm_medium=feed&#038;utm_campaign=Feed%3A+aps-sport+%28APS+-+SPORT%29\">Cliquez ici pour lire l&rsquo;article depuis sa source.<\/a><\/p>\n","protected":false},"excerpt":{"rendered":"<p>ORAN- Le Comit\u00e9 d\u2019organisation des Jeux m\u00e9diterran\u00e9ens (COJM), pr\u00e9vus \u00e0 Oran en 2021 avant qu\u2019ils ne soient report\u00e9s d&rsquo;un an, entend profiter de ce renvoi pour organiser le maximum de comp\u00e9titions au\u00a0niveau des nouvelles infrastructures sportives en guise d\u2019essais, a-t-on appris samedi de cet organisme. Le report de la 19e \u00e9dition des JM, en raison [&hellip;]<\/p>\n","protected":false},"author":1790,"featured_media":0,"comment_status":"closed","ping_status":"closed","sticky":false,"template":"","format":"standard","meta":{"fifu_image_url":"","fifu_image_alt":"","footnotes":""},"categories":[53,75],"tags":[],"class_list":["post-81202","post","type-post","status-publish","format-standard","hentry","category-algerie","category-sport"],"_links":{"self":[{"href":"https:\/\/linitiative.ca\/International\/wp-json\/wp\/v2\/posts\/81202","targetHints":{"allow":["GET"]}}],"collection":[{"href":"https:\/\/linitiative.ca\/International\/wp-json\/wp\/v2\/posts"}],"about":[{"href":"https:\/\/linitiative.ca\/International\/wp-json\/wp\/v2\/types\/post"}],"author":[{"embeddable":true,"href":"https:\/\/linitiative.ca\/International\/wp-json\/wp\/v2\/users\/1790"}],"replies":[{"embeddable":true,"href":"https:\/\/linitiative.ca\/International\/wp-json\/wp\/v2\/comments?post=81202"}],"version-history":[{"count":0,"href":"https:\/\/linitiative.ca\/International\/wp-json\/wp\/v2\/posts\/81202\/revisions"}],"wp:attachment":[{"href":"https:\/\/linitiative.ca\/International\/wp-json\/wp\/v2\/media?parent=81202"}],"wp:term":[{"taxonomy":"category","embeddable":true,"href":"https:\/\/linitiative.ca\/International\/wp-json\/wp\/v2\/categories?post=81202"},{"taxonomy":"post_tag","embeddable":true,"href":"https:\/\/linitiative.ca\/International\/wp-json\/wp\/v2\/tags?post=81202"}],"curies":[{"name":"wp","href":"https:\/\/api.w.org\/{rel}","templated":true}]}}