{"id":81206,"date":"2020-04-04T13:48:00","date_gmt":"2020-04-04T17:48:00","guid":{"rendered":"https:\/\/linitiative.ca\/International\/karim-tabbou-pas-concerne-par-la-grace-presidentielle\/"},"modified":"2020-04-04T13:48:00","modified_gmt":"2020-04-04T17:48:00","slug":"karim-tabbou-pas-concerne-par-la-grace-presidentielle","status":"publish","type":"post","link":"https:\/\/linitiative.ca\/International\/karim-tabbou-pas-concerne-par-la-grace-presidentielle\/","title":{"rendered":"Karim Tabbou pas concern\u00e9 par la gr\u00e2ce pr\u00e9sidentielle"},"content":{"rendered":"<p><br id=\"sep_para_1\" class=\"sep_para access\"\/><\/p>\n<div id=\"para_1\" class=\"para_36322788 resize\">\n<div class=\"texte access firstletter\">Le pr\u00e9sident de la R\u00e9publique, Abdelmadjid Tebboune avait sign\u00e9, mercredi dernier, un d\u00e9cret pr\u00e9sidentiel portant des mesures de gr\u00e2ce au profit d\u2019un groupe de 5037 d\u00e9tenus, a indiqu\u00e9 un communiqu\u00e9 de la Pr\u00e9sidence de la R\u00e9publique. \u00ab Le Pr\u00e9sident de la R\u00e9publique, M. Abdelmadjid Tebboune a sign\u00e9, mercredi 01 avril 2020, un d\u00e9cret pr\u00e9sidentiel portant des mesures de gr\u00e2ce au profit de 5037 d\u00e9tenues \u00bb, lit-on dans le communiqu\u00e9 de la Pr\u00e9sidence.\u00a0 Cependant pour le cas de l\u2019opposant\u00a0 Karim Tabbou, condamn\u00e9 d\u00e9finitivement par la justice alg\u00e9rienne, plusieurs sources judiciaires ont affirm\u00e9 qu\u2019il n\u2019est pas concern\u00e9 par cette gr\u00e2ce pr\u00e9sidentielle parce qu\u2019il a d\u00e9pos\u00e9 un recours contre le verdict prononc\u00e9 \u00e0 son encontre le 24 mars dernier par la Cour d\u2019Alger qui a prolong\u00e9 son emprisonnement de 6 mois suppl\u00e9mentaires. Karim Tabbou devra donc attendre les r\u00e9sultats de son recours qui doit \u00eatre probablement \u00e9tudi\u00e9 par la Cour Supr\u00eame. Aussi, la gr\u00e2ce pr\u00e9sidentielle d\u00e9cid\u00e9e\u00a0 par le Pr\u00e9sident Abdelmadjid Tebboune ne concerne pas les activistes plac\u00e9s sous mandat de d\u00e9p\u00f4t\u00a0 pour plusieurs consid\u00e9rations judiciaires.\u00a0 D\u2019abord, ces d\u00e9tenus sont pour la majorit\u00e9 d\u2019entre-eux incarc\u00e9r\u00e9s dans le cadre de la d\u00e9tention pr\u00e9ventive, mandat de d\u00e9p\u00f4t, et n\u2019ont pas \u00e9t\u00e9 encore jug\u00e9s. Et la gr\u00e2ce annonc\u00e9e par le Palais Pr\u00e9sidentiel d\u2019El-Mouradia concerne uniquement les d\u00e9tenus condamn\u00e9s. Khaled Drareni, Samir Belarbi, Toufik Hassani, Rachid Nekkaz, Ali Ghediri, et les centaines d\u2019autres d\u00e9tenus d\u2019opinion alg\u00e9riens n\u2019ont pas \u00e9t\u00e9 jug\u00e9s et leurs proc\u00e8s n\u2019ont m\u00eame pas \u00e9t\u00e9 programm\u00e9s. Certains de ces d\u00e9tenus doivent \u00eatre jug\u00e9s pour la deuxi\u00e8me fois comme Samir Belarbi et Toufik Hassani qui ont \u00e9t\u00e9 remis en libert\u00e9 une premi\u00e8re fois avant d\u2019\u00eatre incarc\u00e9r\u00e9s une nouvelle fois le 10 et 13 mars derniers. D\u2019autres d\u00e9tenus comme l\u2019activiste originaire de Bordj Bou Arreridj Laalami Chems Eddine doivent compara\u00eetre dans d\u2019autres affaires qui seront trait\u00e9s prochainement dans d\u2019autres proc\u00e8s. D\u2019ailleurs, \u00e0 ce titre, il convient de souligner qu\u2019un proc\u00e8s en appel attend le d\u00e9tenu Laalami Chems Eddine dit Brahim le 22 avril prochain. La gr\u00e2ce pr\u00e9sidentielle du mercredi 1er avril ne concerne donc que les d\u00e9tenus de droit commun.<\/div>\n<\/div>\n<p>Auteur: R\u00e9flexion<br \/>\n<a href=\"https:\/\/www.reflexiondz.net\/Karim-Tabbou-pas-concerne-par-la-grace-presidentielle_a61754.html\">Cliquez ici pour lire l&rsquo;article depuis sa source.<\/a><\/p>\n","protected":false},"excerpt":{"rendered":"<p>Le pr\u00e9sident de la R\u00e9publique, Abdelmadjid Tebboune avait sign\u00e9, mercredi dernier, un d\u00e9cret pr\u00e9sidentiel portant des mesures de gr\u00e2ce au profit d\u2019un groupe de 5037 d\u00e9tenus, a indiqu\u00e9 un communiqu\u00e9 de la Pr\u00e9sidence de la R\u00e9publique. \u00ab Le Pr\u00e9sident de la R\u00e9publique, M. Abdelmadjid Tebboune a sign\u00e9, mercredi 01 avril 2020, un d\u00e9cret pr\u00e9sidentiel portant [&hellip;]<\/p>\n","protected":false},"author":1740,"featured_media":0,"comment_status":"closed","ping_status":"closed","sticky":false,"template":"","format":"standard","meta":{"fifu_image_url":"","fifu_image_alt":"","footnotes":""},"categories":[53,76],"tags":[],"class_list":["post-81206","post","type-post","status-publish","format-standard","hentry","category-algerie","category-regions"],"_links":{"self":[{"href":"https:\/\/linitiative.ca\/International\/wp-json\/wp\/v2\/posts\/81206","targetHints":{"allow":["GET"]}}],"collection":[{"href":"https:\/\/linitiative.ca\/International\/wp-json\/wp\/v2\/posts"}],"about":[{"href":"https:\/\/linitiative.ca\/International\/wp-json\/wp\/v2\/types\/post"}],"author":[{"embeddable":true,"href":"https:\/\/linitiative.ca\/International\/wp-json\/wp\/v2\/users\/1740"}],"replies":[{"embeddable":true,"href":"https:\/\/linitiative.ca\/International\/wp-json\/wp\/v2\/comments?post=81206"}],"version-history":[{"count":0,"href":"https:\/\/linitiative.ca\/International\/wp-json\/wp\/v2\/posts\/81206\/revisions"}],"wp:attachment":[{"href":"https:\/\/linitiative.ca\/International\/wp-json\/wp\/v2\/media?parent=81206"}],"wp:term":[{"taxonomy":"category","embeddable":true,"href":"https:\/\/linitiative.ca\/International\/wp-json\/wp\/v2\/categories?post=81206"},{"taxonomy":"post_tag","embeddable":true,"href":"https:\/\/linitiative.ca\/International\/wp-json\/wp\/v2\/tags?post=81206"}],"curies":[{"name":"wp","href":"https:\/\/api.w.org\/{rel}","templated":true}]}}