{"id":81207,"date":"2020-04-04T13:48:00","date_gmt":"2020-04-04T17:48:00","guid":{"rendered":"https:\/\/linitiative.ca\/International\/alger-fin-de-quarantaine-pour-plus-de-700-personnes\/"},"modified":"2020-04-04T13:48:00","modified_gmt":"2020-04-04T17:48:00","slug":"alger-fin-de-quarantaine-pour-plus-de-700-personnes","status":"publish","type":"post","link":"https:\/\/linitiative.ca\/International\/alger-fin-de-quarantaine-pour-plus-de-700-personnes\/","title":{"rendered":"ALGER : Fin de quarantaine pour plus  de 700 personnes"},"content":{"rendered":"<p><br id=\"sep_para_1\" class=\"sep_para access\"\/><\/p>\n<div id=\"para_1\" class=\"para_36322783 resize\">\n<div class=\"texte access firstletter\">Un total de 780 personnes sur 1800 plac\u00e9es en quarantaine dans l&rsquo;h\u00f4tel Mazafran de Z\u00e9ralda, ont \u00e9t\u00e9 autoris\u00e9es \u00e0 quitter les lieux, vendredi, apr\u00e8s expiration du d\u00e9lai de leur mise en quarantaine, fix\u00e9 \u00e0 14 jours dans le cadre des mesures de pr\u00e9vention prises \u00e0 l&rsquo;effet d&rsquo;endiguer la propagation du coronavirus (COVID-19). Le\u00a0 directeur g\u00e9n\u00e9ral du Tourisme au minist\u00e8re du Tourisme et de l&rsquo;Artisanat, Zoubir Mohamed Sofiane a indiqu\u00e9 \u00e0 l&rsquo;APS que la lib\u00e9ration de ces personnes confin\u00e9es se poursuivrait, samedi, au niveau de l&rsquo;h\u00f4tel \u00ab\u00a0El-Riadh\u00a0\u00bb de Sidi Fredj et durerait jusqu&rsquo;\u00e0 ce dimanche 05 avril, en vue d&rsquo;autoriser le reste des confin\u00e9s \u00e0 rentrer chez eux.\u00a0 Les\u00a0 voyageurs alg\u00e9riens plac\u00e9s imm\u00e9diatement en quarantaine \u00e0 leur arriv\u00e9e en Alg\u00e9rie, en provenance des pays \u00e9trangers et voisins, pourront quitter, dimanche prochain, le centre de thalassoth\u00e9rapie et le complexe touristique \u00ab\u00a0H3\u00a0\u00bb de Sidi Fredj, ainsi que d&rsquo;autres complexes et h\u00f4tels dans la wilaya de Tipaza, dont les deux h\u00f4tels \u00ab\u00a0El Beldj\u00a0\u00bb et \u00ab\u00a0Matar\u00e8s\u00a0\u00bb, en sus du complexe touristique \u00ab\u00a0Corne d&rsquo;or\u00a0\u00bb et l&rsquo;h\u00f4tel \u00ab\u00a0El Rais\u00a0\u00bb de Bordj El Bahri d&rsquo;Alger. S&rsquo;agissant de la possibilit\u00e9 de mise en quarantaine d&rsquo;autres vagues de voyageurs, notamment ceux en provenance de la Turquie, M. Zoubir a pr\u00e9cis\u00e9 qu'\u00a0\u00bbapr\u00e8s la sortie des confin\u00e9s, les \u00e9tablissements h\u00f4teliers seront imm\u00e9diatement d\u00e9sinfect\u00e9s et \u00e9quip\u00e9s en mat\u00e9riel n\u00e9cessaire \u00e0 l&rsquo;accueil, \u00e0 partir de vendredi soir, de plus de 740 voyageurs bloqu\u00e9s au niveau de l&rsquo;a\u00e9roport international d&rsquo;Istanbul, pour les placer en quarantaine de 14 jours afin d&rsquo;\u00e9viter la contagion\u00a0\u00bb, faisant \u00e9tat de la mobilisation des \u00e9tablissements h\u00f4teliers au niveau des wilayas d&rsquo;Alger et de Boumerdes \u00e0\u00a0 cet effet\u00a0\u00bb.\u00a0<\/div>\n<\/div>\n<p>Auteur: Ismain<br \/>\n<a href=\"https:\/\/www.reflexiondz.net\/ALGER-Fin-de-quarantaine-pour-plus-de-700-personnes_a61753.html\">Cliquez ici pour lire l&rsquo;article depuis sa source.<\/a><\/p>\n","protected":false},"excerpt":{"rendered":"<p>Un total de 780 personnes sur 1800 plac\u00e9es en quarantaine dans l&rsquo;h\u00f4tel Mazafran de Z\u00e9ralda, ont \u00e9t\u00e9 autoris\u00e9es \u00e0 quitter les lieux, vendredi, apr\u00e8s expiration du d\u00e9lai de leur mise en quarantaine, fix\u00e9 \u00e0 14 jours dans le cadre des mesures de pr\u00e9vention prises \u00e0 l&rsquo;effet d&rsquo;endiguer la propagation du coronavirus (COVID-19). Le\u00a0 directeur g\u00e9n\u00e9ral [&hellip;]<\/p>\n","protected":false},"author":1740,"featured_media":0,"comment_status":"closed","ping_status":"closed","sticky":false,"template":"","format":"standard","meta":{"fifu_image_url":"","fifu_image_alt":"","footnotes":""},"categories":[53,76],"tags":[],"class_list":["post-81207","post","type-post","status-publish","format-standard","hentry","category-algerie","category-regions"],"_links":{"self":[{"href":"https:\/\/linitiative.ca\/International\/wp-json\/wp\/v2\/posts\/81207","targetHints":{"allow":["GET"]}}],"collection":[{"href":"https:\/\/linitiative.ca\/International\/wp-json\/wp\/v2\/posts"}],"about":[{"href":"https:\/\/linitiative.ca\/International\/wp-json\/wp\/v2\/types\/post"}],"author":[{"embeddable":true,"href":"https:\/\/linitiative.ca\/International\/wp-json\/wp\/v2\/users\/1740"}],"replies":[{"embeddable":true,"href":"https:\/\/linitiative.ca\/International\/wp-json\/wp\/v2\/comments?post=81207"}],"version-history":[{"count":0,"href":"https:\/\/linitiative.ca\/International\/wp-json\/wp\/v2\/posts\/81207\/revisions"}],"wp:attachment":[{"href":"https:\/\/linitiative.ca\/International\/wp-json\/wp\/v2\/media?parent=81207"}],"wp:term":[{"taxonomy":"category","embeddable":true,"href":"https:\/\/linitiative.ca\/International\/wp-json\/wp\/v2\/categories?post=81207"},{"taxonomy":"post_tag","embeddable":true,"href":"https:\/\/linitiative.ca\/International\/wp-json\/wp\/v2\/tags?post=81207"}],"curies":[{"name":"wp","href":"https:\/\/api.w.org\/{rel}","templated":true}]}}