{"id":81215,"date":"2020-04-04T12:10:00","date_gmt":"2020-04-04T16:10:00","guid":{"rendered":"https:\/\/linitiative.ca\/International\/la-commemoration-du-deces-de-bourguiba-un-devoir-de-memoire-envers-le-liberateur-de-la-tunisie\/"},"modified":"2020-04-04T12:10:00","modified_gmt":"2020-04-04T16:10:00","slug":"la-commemoration-du-deces-de-bourguiba-un-devoir-de-memoire-envers-le-liberateur-de-la-tunisie","status":"publish","type":"post","link":"https:\/\/linitiative.ca\/International\/la-commemoration-du-deces-de-bourguiba-un-devoir-de-memoire-envers-le-liberateur-de-la-tunisie\/","title":{"rendered":"La comm\u00e9moration du d\u00e9c\u00e8s de Bourguiba: un devoir de m\u00e9moire envers le lib\u00e9rateur de la Tunisie"},"content":{"rendered":"<p class=\"c2\">Il y a 20 ans, Le 6 avril 2000, la Tunisie perdait un homme d\u2019exception, le principal artisan de son ind\u00e9pendance et le b\u00e2tisseur de l\u2019Etat moderne, Habib Bourguiba. Lundi 6 avril, nous aurons l&rsquo;occasion de lui d\u00e9dier une pens\u00e9e \u00e9mue et de lui exprimer notre gratitude pour tout ce qu&rsquo;il a fait pour notre pays.<\/p>\n<p class=\"c2\">Il peut para\u00eetre incongru de comm\u00e9morer cet \u00e9v\u00e8nement alors que l\u2019humanit\u00e9 tout enti\u00e8re doit faire face \u00e0 un danger qui menace son existence. Mais rien ne doit nous dissuader de remplir notre devoir de m\u00e9moire envers un homme qui avait bien m\u00e9rit\u00e9 de son pays et par l\u00e0-m\u00eame r\u00e9it\u00e9rer notre volont\u00e9 de d\u00e9fendre son legs quoi qu\u2019il nous en co\u00fbte d\u2019autant plus que les forces des t\u00e9n\u00e8bres n\u2019ont jamais renonc\u00e9 \u00e0 nous imposer leur mod\u00e8le de soci\u00e9t\u00e9. Depuis leur accession au pouvoir, ils n\u2019ont eu de cesse de d\u00e9nigrer l\u2019homme par tous les moyens, jusqu\u2019\u00e0 le qualifier de supp\u00f4t de la France coloniale et d&rsquo;apostat et de minorer ses r\u00e9formes, notamment le code du statut personnel, sur lequel ils se sont particuli\u00e8rement acharn\u00e9s. En vain.<\/p>\n<p class=\"c2\">Bourguiba n\u2019est plus l\u00e0, mais plus que jamais, ses id\u00e9es continuront \u00e0 guider nos pas.<\/p>\n<p class=\"c3\"><strong>HB<\/strong><br \/>\u00a0<\/p>\n<p>Auteur:<br \/>\n<a href=\"https:\/\/www.leaders.com.tn\/article\/29573-la-commemoration-du-deces-de-bourguiba-un-devoir-de-memoire-envers-le-liberateur-de-la-tunisie\">Cliquez ici pour lire l&rsquo;article depuis sa source.<\/a><\/p>\n","protected":false},"excerpt":{"rendered":"<p>Il y a 20 ans, Le 6 avril 2000, la Tunisie perdait un homme d\u2019exception, le principal artisan de son ind\u00e9pendance et le b\u00e2tisseur de l\u2019Etat moderne, Habib Bourguiba. Lundi 6 avril, nous aurons l&rsquo;occasion de lui d\u00e9dier une pens\u00e9e \u00e9mue et de lui exprimer notre gratitude pour tout ce qu&rsquo;il a fait pour notre [&hellip;]<\/p>\n","protected":false},"author":1772,"featured_media":0,"comment_status":"closed","ping_status":"closed","sticky":false,"template":"","format":"standard","meta":{"fifu_image_url":"","fifu_image_alt":"","footnotes":""},"categories":[73,55],"tags":[],"class_list":["post-81215","post","type-post","status-publish","format-standard","hentry","category-actualite","category-tunisie"],"_links":{"self":[{"href":"https:\/\/linitiative.ca\/International\/wp-json\/wp\/v2\/posts\/81215","targetHints":{"allow":["GET"]}}],"collection":[{"href":"https:\/\/linitiative.ca\/International\/wp-json\/wp\/v2\/posts"}],"about":[{"href":"https:\/\/linitiative.ca\/International\/wp-json\/wp\/v2\/types\/post"}],"author":[{"embeddable":true,"href":"https:\/\/linitiative.ca\/International\/wp-json\/wp\/v2\/users\/1772"}],"replies":[{"embeddable":true,"href":"https:\/\/linitiative.ca\/International\/wp-json\/wp\/v2\/comments?post=81215"}],"version-history":[{"count":0,"href":"https:\/\/linitiative.ca\/International\/wp-json\/wp\/v2\/posts\/81215\/revisions"}],"wp:attachment":[{"href":"https:\/\/linitiative.ca\/International\/wp-json\/wp\/v2\/media?parent=81215"}],"wp:term":[{"taxonomy":"category","embeddable":true,"href":"https:\/\/linitiative.ca\/International\/wp-json\/wp\/v2\/categories?post=81215"},{"taxonomy":"post_tag","embeddable":true,"href":"https:\/\/linitiative.ca\/International\/wp-json\/wp\/v2\/tags?post=81215"}],"curies":[{"name":"wp","href":"https:\/\/api.w.org\/{rel}","templated":true}]}}