{"id":81218,"date":"2020-04-04T12:42:52","date_gmt":"2020-04-04T16:42:52","guid":{"rendered":"https:\/\/linitiative.ca\/International\/coronavirus-decouvrez-mohamed-el-youbi-la-reference-de-la-situation-sanitaire-au-maroc\/"},"modified":"2020-04-04T12:42:52","modified_gmt":"2020-04-04T16:42:52","slug":"coronavirus-decouvrez-mohamed-el-youbi-la-reference-de-la-situation-sanitaire-au-maroc","status":"publish","type":"post","link":"https:\/\/linitiative.ca\/International\/coronavirus-decouvrez-mohamed-el-youbi-la-reference-de-la-situation-sanitaire-au-maroc\/","title":{"rendered":"Coronavirus\u00a0: D\u00e9couvrez Mohamed El Youbi, la r\u00e9f\u00e9rence de la situation sanitaire au Maroc"},"content":{"rendered":"<p><strong>Son nom est associ\u00e9 au coronavirus. C\u2019est lui qui informe les Marocains de la situation sanitaire dans le pays, depuis mi-f\u00e9vrier, alors que le Maroc \u00e9tait encore intact. Le magazine Jeune Afrique esquisse son portrait en dix traits distinctifs de celui qu\u2019il nomme \u00ab\u00a0Monsieur Coronavirus\u00a0\u00bb.<\/strong><\/p>\n<div class=\"c10\"\/>\n<p>En plus du savoir scientifique, <strong>Mohamed El Youbi<\/strong> a le don de la communication claire et concise. \u00ab\u00a0Le patron de la Direction de l\u2019\u00e9pid\u00e9miologie et de la lutte contre les maladies incarne la riposte face \u00e0 la pand\u00e9mie de Covid-19. C\u2019est lui qui informe la population au quotidien sur l\u2019\u00e9volution de l\u2019\u00e9pid\u00e9mie\u00a0\u00bb, \u00e9crit le magazine.<\/p>\n<p>Natif de F\u00e8s, Mohamed E Youbi est \u00e9loquent. Et ce n\u2019est pas par hasard\u00a0; son p\u00e8re, Abdelmalek El Youbi, \u00e9tait un sp\u00e9cialiste de la po\u00e9sie du Melhoun. Il n\u2019est pas le seul m\u00e9decin dans sa famille puisque deux de ses fr\u00e8res ont suivi ses traces. Il obtient son doctorat de m\u00e9decine en 1991, \u00e0 Rabat. Il enchaine avec une qualification nationale en m\u00e9decine pr\u00e9ventive, sant\u00e9 publique et hygi\u00e8ne, puis obtient un master en \u00e9pid\u00e9miologie de sant\u00e9 publique de l\u2019\u00c9cole nationale de sant\u00e9 publique. Ensuite, il d\u00e9cide de voler en France o\u00f9 \u00ab\u00a0il s\u2019inscrit \u00e0 l\u2019Institut de d\u00e9veloppement de l\u2019\u00e9pid\u00e9miologie appliqu\u00e9e (IDEA), de la fondation M\u00e9rieux, et suit le cours international d\u2019<strong>\u00e9pid\u00e9miologie<\/strong> d\u2019intervention en 2002\u00a0\u00bb.<\/p>\n<p>Lire aussi :\u00a0<a rel=\"noreferrer noopener\" href=\"https:\/\/www.challenge.ma\/ce-que-vous-devez-savoir-sur-le-coronavirus-134568\/\" target=\"_blank\">Ce que vous devez savoir sur le coronavirus<\/a><\/p>\n<p>Il gravit les \u00e9chelons au sein du d\u00e9partement de la Sant\u00e9. M\u00e9decin au service de la surveillance \u00e9pid\u00e9miologique, au sein de la direction de l\u2019\u00e9pid\u00e9miologie et de lutte contre les maladies (DELM) \u00e0 partir de 2004, chef de service, directeur adjoint de l\u2019Institut national d\u2019hygi\u00e8ne en 2008, puis m\u00e9decin-chef de la division des maladies transmissibles de la DELM. Fin ao\u00fbt 2018, il est alors promu directeur de l\u2019\u00e9pid\u00e9miologie et de la lutte contre les maladies, et remplace Abderrahmane Ma\u00e2roufi. A la t\u00eate de la direction de l\u2019\u00e9pid\u00e9miologie et de la lutte contre les maladies, il est le principal interlocuteur, au Maroc, de l\u2019Organisation mondiale de la sant\u00e9 (OMS) pour la gestion de la crise sanitaire li\u00e9e au Covid-19.<\/p>\n<p>Mohamed El Youbi est aujourd\u2019hui reconnu comme la r\u00e9f\u00e9rence dans le domaine de l\u2019\u00e9pid\u00e9miologie. C\u2019est lui qui a introduit, en collaboration avec un centre am\u00e9ricain, la discipline de l\u2019\u00e9pid\u00e9miologie \u00e0 l\u2019\u00c9cole nationale de sant\u00e9 publique au Maroc. Une r\u00e9putation qu\u2019il a pu asseoir lors de cette p\u00e9riode de <strong>coronavirus<\/strong>. L\u2019\u00e9pid\u00e9mie lui a \u00e9pargn\u00e9 le sort que lui r\u00e9servait le ministre de la Sant\u00e9, Khalid Ait Taleb. Ce dernier \u00e9tait sur le point de l\u2019\u00e9carter, avec d\u2019autres noms, juste avant l\u2019apparition du coronavirus.<\/p>\n<div class=\"c17\">\n<fieldset class=\"c16\">\n<legend><strong><span class=\"c11\">Challenge<\/span><span class=\"c12\">news<\/span><\/strong><\/legend>\n<div class=\"c15\">Le meilleur de Challenge s\u00e9lectionn\u00e9 par la r\u00e9daction :<\/p>\n<\/div>\n<\/fieldset>\n<\/div>\n<p>Auteur: Hassan Manyani<br \/>\n<a href=\"https:\/\/www.challenge.ma\/coronavirus-decouvrez-mohamed-el-youbi-la-reference-de-la-situation-sanitaire-au-maroc-135911\/\">Cliquez ici pour lire l&rsquo;article depuis sa source.<\/a><\/p>\n","protected":false},"excerpt":{"rendered":"<p>Son nom est associ\u00e9 au coronavirus. C\u2019est lui qui informe les Marocains de la situation sanitaire dans le pays, depuis mi-f\u00e9vrier, alors que le Maroc \u00e9tait encore intact. Le magazine Jeune Afrique esquisse son portrait en dix traits distinctifs de celui qu\u2019il nomme \u00ab\u00a0Monsieur Coronavirus\u00a0\u00bb. En plus du savoir scientifique, Mohamed El Youbi a le [&hellip;]<\/p>\n","protected":false},"author":1787,"featured_media":0,"comment_status":"closed","ping_status":"closed","sticky":false,"template":"","format":"standard","meta":{"fifu_image_url":"","fifu_image_alt":"","footnotes":""},"categories":[78,54],"tags":[],"class_list":["post-81218","post","type-post","status-publish","format-standard","hentry","category-economie","category-maroc"],"_links":{"self":[{"href":"https:\/\/linitiative.ca\/International\/wp-json\/wp\/v2\/posts\/81218","targetHints":{"allow":["GET"]}}],"collection":[{"href":"https:\/\/linitiative.ca\/International\/wp-json\/wp\/v2\/posts"}],"about":[{"href":"https:\/\/linitiative.ca\/International\/wp-json\/wp\/v2\/types\/post"}],"author":[{"embeddable":true,"href":"https:\/\/linitiative.ca\/International\/wp-json\/wp\/v2\/users\/1787"}],"replies":[{"embeddable":true,"href":"https:\/\/linitiative.ca\/International\/wp-json\/wp\/v2\/comments?post=81218"}],"version-history":[{"count":0,"href":"https:\/\/linitiative.ca\/International\/wp-json\/wp\/v2\/posts\/81218\/revisions"}],"wp:attachment":[{"href":"https:\/\/linitiative.ca\/International\/wp-json\/wp\/v2\/media?parent=81218"}],"wp:term":[{"taxonomy":"category","embeddable":true,"href":"https:\/\/linitiative.ca\/International\/wp-json\/wp\/v2\/categories?post=81218"},{"taxonomy":"post_tag","embeddable":true,"href":"https:\/\/linitiative.ca\/International\/wp-json\/wp\/v2\/tags?post=81218"}],"curies":[{"name":"wp","href":"https:\/\/api.w.org\/{rel}","templated":true}]}}