{"id":81233,"date":"2020-04-04T06:00:18","date_gmt":"2020-04-04T10:00:18","guid":{"rendered":"https:\/\/linitiative.ca\/International\/in-memoria-monsieur-some-ni-dian-hugues\/"},"modified":"2020-04-04T06:00:18","modified_gmt":"2020-04-04T10:00:18","slug":"in-memoria-monsieur-some-ni-dian-hugues","status":"publish","type":"post","link":"https:\/\/linitiative.ca\/International\/in-memoria-monsieur-some-ni-dian-hugues\/","title":{"rendered":"IN MEMORIA: MONSIEUR SOME NI-DIAN HUGUES"},"content":{"rendered":"<div class=\"td-post-featured-image\"><a href=\"https:\/\/i2.wp.com\/www.sidwaya.info\/wp-content\/uploads\/2020\/04\/inm-1.gif?fit=391%2C506&amp;ssl=1\" data-caption=\"\"><img loading=\"lazy\" decoding=\"async\" width=\"391\" height=\"506\" class=\"entry-thumb td-modal-image\" src=\"https:\/\/i2.wp.com\/www.sidwaya.info\/wp-content\/uploads\/2020\/04\/inm-1.gif?resize=391,506&amp;ssl=1\" alt=\"\" title=\"inm\"\/><\/a><\/div>\n<p>\u00ab Une ann\u00e9e s\u2019est \u00e9coul\u00e9e. Le temps n\u2019efface pas la tristesse de la s\u00e9paration, et le vide que ton d\u00e9part a laiss\u00e9 ne se comblera jamais. La m\u00e9moire reste le seul pouvoir que l\u2019on d\u00e9tient pour te garder aupr\u00e8s de nous et dans nos c\u0153urs \u00e0 jamais. \u00bb<\/p>\n<p><strong>04 avril 2019 \u2013 04 avril 2020<\/strong><\/p>\n<p>VOILA UN AN QU\u2019IL A PLU A DIEU DE RAPPELER A LUI NOTRE CHER EPOUX, PERE, FRERE, ONCLE, NEVEU, FILS\u00a0:<\/p>\n<p>MONSIEUR SOME NI-DIAN HUGUES<\/p>\n<p>Pr\u00e9c\u00e9demment Responsable<\/p>\n<p>Service Food &amp; Shop et D\u00e9veloppement R\u00e9seaux<\/p>\n<p>TOTAL BURKINA<\/p>\n<p>EN CE DOULOUREUX ANNIVERSAIRE SA VEUVE JOSIANNE ET SON FILS MELVYN DEHUGO AINSI QUE SA MERE, SES S\u0152URS, FRERES, NEVEUX ET NIECES, QUE TOUS CEUX QUI L\u2019ONT CONNU ET AIME AIENT UNE PENSEE POUR LUI.<\/p>\n<div class=\"td-a-rec td-a-rec-id-content_bottom tdi_30_8e7 td_block_template_1\"><img loading=\"lazy\" decoding=\"async\" class=\"aligncenter size-full wp-image-9623\" src=\"https:\/\/www.sidwaya.info\/wp-content\/uploads\/2019\/06\/Projet-bannie\u0300re-Orange-mobile.jpg\" alt=\"\" width=\"728\" height=\"81\"\/><\/div>\n<p>Auteur: BS. Sidwaya<br \/>\n<a href=\"https:\/\/www.sidwaya.info\/blog\/2020\/04\/04\/in-memoriam-monsieur-some-ni-dian-hugues\/\">Cliquez ici pour lire l&rsquo;article depuis sa source.<\/a><\/p>\n","protected":false},"excerpt":{"rendered":"<p>\u00ab Une ann\u00e9e s\u2019est \u00e9coul\u00e9e. Le temps n\u2019efface pas la tristesse de la s\u00e9paration, et le vide que ton d\u00e9part a laiss\u00e9 ne se comblera jamais. La m\u00e9moire reste le seul pouvoir que l\u2019on d\u00e9tient pour te garder aupr\u00e8s de nous et dans nos c\u0153urs \u00e0 jamais. \u00bb 04 avril 2019 \u2013 04 avril 2020 [&hellip;]<\/p>\n","protected":false},"author":1816,"featured_media":0,"comment_status":"closed","ping_status":"closed","sticky":false,"template":"","format":"standard","meta":{"fifu_image_url":"","fifu_image_alt":"","footnotes":""},"categories":[73,81],"tags":[],"class_list":["post-81233","post","type-post","status-publish","format-standard","hentry","category-actualite","category-burkina-faso"],"_links":{"self":[{"href":"https:\/\/linitiative.ca\/International\/wp-json\/wp\/v2\/posts\/81233","targetHints":{"allow":["GET"]}}],"collection":[{"href":"https:\/\/linitiative.ca\/International\/wp-json\/wp\/v2\/posts"}],"about":[{"href":"https:\/\/linitiative.ca\/International\/wp-json\/wp\/v2\/types\/post"}],"author":[{"embeddable":true,"href":"https:\/\/linitiative.ca\/International\/wp-json\/wp\/v2\/users\/1816"}],"replies":[{"embeddable":true,"href":"https:\/\/linitiative.ca\/International\/wp-json\/wp\/v2\/comments?post=81233"}],"version-history":[{"count":0,"href":"https:\/\/linitiative.ca\/International\/wp-json\/wp\/v2\/posts\/81233\/revisions"}],"wp:attachment":[{"href":"https:\/\/linitiative.ca\/International\/wp-json\/wp\/v2\/media?parent=81233"}],"wp:term":[{"taxonomy":"category","embeddable":true,"href":"https:\/\/linitiative.ca\/International\/wp-json\/wp\/v2\/categories?post=81233"},{"taxonomy":"post_tag","embeddable":true,"href":"https:\/\/linitiative.ca\/International\/wp-json\/wp\/v2\/tags?post=81233"}],"curies":[{"name":"wp","href":"https:\/\/api.w.org\/{rel}","templated":true}]}}