{"id":81236,"date":"2020-04-04T11:37:46","date_gmt":"2020-04-04T15:37:46","guid":{"rendered":"https:\/\/linitiative.ca\/International\/covid-19-au-burkina-16-nouveaux-cas-confirmes-a-la-date-du-03-avril-2020\/"},"modified":"2020-04-04T11:37:46","modified_gmt":"2020-04-04T15:37:46","slug":"covid-19-au-burkina-16-nouveaux-cas-confirmes-a-la-date-du-03-avril-2020","status":"publish","type":"post","link":"https:\/\/linitiative.ca\/International\/covid-19-au-burkina-16-nouveaux-cas-confirmes-a-la-date-du-03-avril-2020\/","title":{"rendered":"COVID 19 au Burkina :\u00a016 nouveaux cas confirmes a la date\u00a0\u00a0du 03 avril 2020"},"content":{"rendered":"<p>COVID 19 au Burkina :\u00a016 nouveaux cas confirmes a la date\u00a0\u00a0du 03 avril 2020 dont 14 a Ouagadougou et\u00a0\u00a02 a Ziniare ;\u00a018 guerisons, portant a 66, le total des guerisons ;\u00a0\u00a00 deces, total des deces 16. Au total, 318 cas ont ete confirmes dont 111 femmes et\u00a0 \u00a0 \u00a0 \u00a0 \u00a0 \u00a0 \u00a0 \u00a0 \u00a0 \u00a0207 hommes, depuis le 09 mars 2020(Point de presse du Gouvernement). Sidwaya mobile<\/p>\n<p>Communiqu\u00e9<\/p>\n<p>Coronavirus (Covid-19) au Burkina Faso<\/p>\n<p>A la date du 03 avril 2020, la situation de la maladie \u00e0 Coronavirus au Burkina Faso se pr\u00e9sente comme suit :<\/p>\n<p>-101 \u00e9chantillons analys\u00e9s dont -70 cas suspects et 31 contr\u00f4les ;<\/p>\n<p>-16 nouveaux cas confirm\u00e9s dont 14 \u00e0 Ouagadougou et 02 \u00e0 Ziniar\u00e9 ;<\/p>\n<p>-18 gu\u00e9risons, portant \u00e0 66, le total des gu\u00e9risons ;<\/p>\n<p>-00 d\u00e9c\u00e8s, total des d\u00e9c\u00e8s 16.<\/p>\n<p>Au total, 318 cas ont \u00e9t\u00e9 confirm\u00e9s dont 111 femmes et\u00a0 \u00a0 \u00a0 \u00a0 \u00a0 \u00a0 \u00a0 \u00a0 \u00a0 \u00a0207 hommes, depuis le 09 mars 2020.<\/p>\n<p>Le gouvernement remercie tous les acteurs pour leur engagement et leur d\u00e9termination dans la lutte contre la maladie \u00e0 Coronavirus.<\/p>\n<p>Le gouvernement exhorte l\u2019ensemble des populations \u00e0 respecter les gestes barri\u00e8res, \u00e0 se prot\u00e9ger et \u00e0 prot\u00e9ger les proches.<\/p>\n<p>Dans la solidarit\u00e9 et l\u2019union, relevons le d\u00e9fi du Covid-19.<\/p>\n<div class=\"td-a-rec td-a-rec-id-content_bottom tdi_30_0a0 td_block_template_1\"><img loading=\"lazy\" decoding=\"async\" class=\"aligncenter size-full wp-image-9623\" src=\"https:\/\/www.sidwaya.info\/wp-content\/uploads\/2019\/06\/Projet-bannie\u0300re-Orange-mobile.jpg\" alt=\"\" width=\"728\" height=\"81\"\/><\/div>\n<p>Auteur: BANGRE SIDWAYA<br \/>\n<a href=\"https:\/\/www.sidwaya.info\/blog\/2020\/04\/04\/covid-19-au-burkina-16-nouveaux-cas-confirmes-a-la-date-du-03-avril-2020\/\">Cliquez ici pour lire l&rsquo;article depuis sa source.<\/a><\/p>\n","protected":false},"excerpt":{"rendered":"<p>COVID 19 au Burkina :\u00a016 nouveaux cas confirmes a la date\u00a0\u00a0du 03 avril 2020 dont 14 a Ouagadougou et\u00a0\u00a02 a Ziniare ;\u00a018 guerisons, portant a 66, le total des guerisons ;\u00a0\u00a00 deces, total des deces 16. Au total, 318 cas ont ete confirmes dont 111 femmes et\u00a0 \u00a0 \u00a0 \u00a0 \u00a0 \u00a0 \u00a0 \u00a0 \u00a0 [&hellip;]<\/p>\n","protected":false},"author":1816,"featured_media":81237,"comment_status":"closed","ping_status":"closed","sticky":false,"template":"","format":"standard","meta":{"fifu_image_url":"","fifu_image_alt":"","footnotes":""},"categories":[73,81],"tags":[],"class_list":["post-81236","post","type-post","status-publish","format-standard","has-post-thumbnail","hentry","category-actualite","category-burkina-faso"],"_links":{"self":[{"href":"https:\/\/linitiative.ca\/International\/wp-json\/wp\/v2\/posts\/81236","targetHints":{"allow":["GET"]}}],"collection":[{"href":"https:\/\/linitiative.ca\/International\/wp-json\/wp\/v2\/posts"}],"about":[{"href":"https:\/\/linitiative.ca\/International\/wp-json\/wp\/v2\/types\/post"}],"author":[{"embeddable":true,"href":"https:\/\/linitiative.ca\/International\/wp-json\/wp\/v2\/users\/1816"}],"replies":[{"embeddable":true,"href":"https:\/\/linitiative.ca\/International\/wp-json\/wp\/v2\/comments?post=81236"}],"version-history":[{"count":0,"href":"https:\/\/linitiative.ca\/International\/wp-json\/wp\/v2\/posts\/81236\/revisions"}],"wp:featuredmedia":[{"embeddable":true,"href":"https:\/\/linitiative.ca\/International\/wp-json\/"}],"wp:attachment":[{"href":"https:\/\/linitiative.ca\/International\/wp-json\/wp\/v2\/media?parent=81236"}],"wp:term":[{"taxonomy":"category","embeddable":true,"href":"https:\/\/linitiative.ca\/International\/wp-json\/wp\/v2\/categories?post=81236"},{"taxonomy":"post_tag","embeddable":true,"href":"https:\/\/linitiative.ca\/International\/wp-json\/wp\/v2\/tags?post=81236"}],"curies":[{"name":"wp","href":"https:\/\/api.w.org\/{rel}","templated":true}]}}