{"id":81238,"date":"2020-04-04T09:06:02","date_gmt":"2020-04-04T13:06:02","guid":{"rendered":"https:\/\/linitiative.ca\/International\/cameroun-enlevement-dun-journaliste-de-canal-2\/"},"modified":"2020-04-04T09:06:02","modified_gmt":"2020-04-04T13:06:02","slug":"cameroun-enlevement-dun-journaliste-de-canal-2","status":"publish","type":"post","link":"https:\/\/linitiative.ca\/International\/cameroun-enlevement-dun-journaliste-de-canal-2\/","title":{"rendered":"Cameroun : \u00ab enl\u00e8vement \u00bb d\u2019un journaliste de Canal 2"},"content":{"rendered":"<div readability=\"32\">\n<p>Publi\u00e9 le 04.04.2020 \u00e0 14h06 par Christian Djimadeu<\/p>\n<\/div>\n<div readability=\"63\">\n<h2 class=\"c4\">Eric Golf Kouatchou, \u00a0correspondant de la chaine en France, en s\u00e9jour au Cameroun, serait introuvable selon plusieurs proches. Le Syndicat national des journalistes du Cameroun (SNJC) soup\u00e7onne une man\u0153uvre du pouvoir de Yaound\u00e9.<\/h2>\n<p class=\"c5\">Selon un \u00a0communiqu\u00e9 du Bureau ex\u00e9cutif du SNJC ce 4 avril, <strong>Eric Golf Kooatchou<\/strong> journaliste, correspondant de Canal2 International \u00e0 Paris, a \u00e9t\u00e9 enlev\u00e9 le jeudi 02 avril 2020 \u00e0 Douala par des \u00e9l\u00e9ments de la s\u00e9curit\u00e9 non identifi\u00e9s, \u00a0et conduit vers une destination inconnue.<\/p>\n<p class=\"c5\">Tout en condamnant \u00ab\u00a0<em>cet acte de s\u00e9questration<\/em>\u00a0<em>arbitraire digne d\u2019une \u00e9poque ancienne<\/em>\u00bb, \u00a0le Syndicat national des journalistes du Cameroun, exige sa lib\u00e9ration imm\u00e9diate et sans aucune condition sous 48 heures. \u00ab\u00a0Faute par les autorit\u00e9s camerounaises de donner satisfaction \u00e0 cette demande, le Bureau ex\u00e9cutif national du SNJC fera une annonce irr\u00e9vocable lundi 06 avril 2020 \u00e0 8 heures pr\u00e9cises\u00a0\u00bb, pr\u00e9vient son pr\u00e9sident <strong>D\u00e9nis Nkwebo<\/strong>.<\/p>\n<p class=\"c5\">Le Bureau ex\u00e9cutif du SNJC demande \u00e0 se sections r\u00e9gionales, de mobiliser les membres en urgence et les tenir pr\u00eats pour le mot d\u2019ordre.<\/p>\n<p class=\"c5\">A noter que dans les milieux de la presse, des rumeurs circulent sur les motifs de cet \u00ab\u00a0enl\u00e8vement\u00a0\u00bb. Parmi elles, celle qui pr\u00e9tend \u00a0que le pouvoir \u00a0reproche au journaliste de Canal 2, d\u2019\u00eatre celui qui a facilit\u00e9 l\u2019entr\u00e9e \u00a0de l\u2019activiste <strong>Calibri Calibro<\/strong>, au Salon international de l\u2019agriculture de Paris. L\u2019activiste, on se souvient, avait interpell\u00e9 et questionn\u00e9 le pr\u00e9sident fran\u00e7ais <strong>Emmanuel Macron<\/strong>, sur la position de son pays \u00a0sur la question des Droits de l\u2019homme au Cameroun.<\/p>\n<\/div>\n<p>Auteur: Christian DJIMADEU<br \/>\n<a href=\"https:\/\/www.journalducameroun.com\/cameroun-enlevement-dun-journaliste-de-canal-2-cameroun\/\">Cliquez ici pour lire l&rsquo;article depuis sa source.<\/a><\/p>\n","protected":false},"excerpt":{"rendered":"<p>Publi\u00e9 le 04.04.2020 \u00e0 14h06 par Christian Djimadeu Eric Golf Kouatchou, \u00a0correspondant de la chaine en France, en s\u00e9jour au Cameroun, serait introuvable selon plusieurs proches. Le Syndicat national des journalistes du Cameroun (SNJC) soup\u00e7onne une man\u0153uvre du pouvoir de Yaound\u00e9. Selon un \u00a0communiqu\u00e9 du Bureau ex\u00e9cutif du SNJC ce 4 avril, Eric Golf Kooatchou [&hellip;]<\/p>\n","protected":false},"author":1965,"featured_media":0,"comment_status":"closed","ping_status":"closed","sticky":false,"template":"","format":"standard","meta":{"fifu_image_url":"","fifu_image_alt":"","footnotes":""},"categories":[73,82],"tags":[],"class_list":["post-81238","post","type-post","status-publish","format-standard","hentry","category-actualite","category-cameroun"],"_links":{"self":[{"href":"https:\/\/linitiative.ca\/International\/wp-json\/wp\/v2\/posts\/81238","targetHints":{"allow":["GET"]}}],"collection":[{"href":"https:\/\/linitiative.ca\/International\/wp-json\/wp\/v2\/posts"}],"about":[{"href":"https:\/\/linitiative.ca\/International\/wp-json\/wp\/v2\/types\/post"}],"author":[{"embeddable":true,"href":"https:\/\/linitiative.ca\/International\/wp-json\/wp\/v2\/users\/1965"}],"replies":[{"embeddable":true,"href":"https:\/\/linitiative.ca\/International\/wp-json\/wp\/v2\/comments?post=81238"}],"version-history":[{"count":0,"href":"https:\/\/linitiative.ca\/International\/wp-json\/wp\/v2\/posts\/81238\/revisions"}],"wp:attachment":[{"href":"https:\/\/linitiative.ca\/International\/wp-json\/wp\/v2\/media?parent=81238"}],"wp:term":[{"taxonomy":"category","embeddable":true,"href":"https:\/\/linitiative.ca\/International\/wp-json\/wp\/v2\/categories?post=81238"},{"taxonomy":"post_tag","embeddable":true,"href":"https:\/\/linitiative.ca\/International\/wp-json\/wp\/v2\/tags?post=81238"}],"curies":[{"name":"wp","href":"https:\/\/api.w.org\/{rel}","templated":true}]}}