{"id":81240,"date":"2020-04-04T11:18:09","date_gmt":"2020-04-04T15:18:09","guid":{"rendered":"https:\/\/linitiative.ca\/International\/deby-dit-avoir-nettoye-les-iles-du-lac-tchad-de-boko-haram\/"},"modified":"2020-04-04T11:18:09","modified_gmt":"2020-04-04T15:18:09","slug":"deby-dit-avoir-nettoye-les-iles-du-lac-tchad-de-boko-haram","status":"publish","type":"post","link":"https:\/\/linitiative.ca\/International\/deby-dit-avoir-nettoye-les-iles-du-lac-tchad-de-boko-haram\/","title":{"rendered":"D\u00e9by dit avoir \u00abnettoy\u00e9 les \u00eeles du Lac Tchad\u00bb de Boko Haram"},"content":{"rendered":"<div readability=\"32\">\n<p>Publi\u00e9 le 04.04.2020 \u00e0 16h18 par APA News<\/p>\n<\/div>\n<div readability=\"77\">\n<p>L\u2019arm\u00e9e tchadienne qui a entam\u00e9, fin mars, une campagne militaire d\u00e9nomm\u00e9e \u00ab col\u00e8re de Boma \u00bb contre les \u00e9l\u00e9ments de Boko Haram dans la r\u00e9gion du Lac Tchad, dit avoir d\u00e9truit plusieurs bases des djihadistes.Le chef de l\u2019Etat, Idriss D\u00e9by qui dirige personnellement l\u2019offensive militaire, a d\u00e9clar\u00e9 samedi, avoir mis en d\u00e9route la secte nig\u00e9riane. Sans donner le bilan des combats, il s\u2019est toutefois r\u00e9joui des r\u00e9sultats obtenus.\u00a0<\/p>\n<p>\u00ab J\u2019ai effectu\u00e9 une descente ce matin \u00e0 Ka\u00efga-Kindjiria. Aucun illumin\u00e9 de Boko Haram n\u2019est pr\u00e9sent dans les \u00eeles du Lac Tchad. Bravo \u00e0 nos forces de d\u00e9fense et de s\u00e9curit\u00e9 qui ont nettoy\u00e9 toute la zone insulaire \u00bb, a d\u00e9clar\u00e9 Idriss D\u00e9by, brandissant sa canne en guise de victoire.\u00a0<\/p>\n<p>Pour lui, le peu des \u00e9l\u00e9ments qui restent, sont soit rentr\u00e9s au Nig\u00e9ria ou dans les autres pays voisins. \u00ab Le nettoyage continue \u00bb, a-t-il promis, ajoutant qu\u2019en ce qui \u00ab concerne le Tchad, il n\u2019y a aucun \u00e9l\u00e9ment de Boko Haram. Maintenant on vise l\u2019int\u00e9rieur des autres pays pour en finir avec Boko Haram \u00bb.\u00a0<\/p>\n<p>Idriss D\u00e9by regrette tout de m\u00eame que, depuis lengagement de l\u2019arm\u00e9e tchadienne jusqu\u2019 aujourd\u2019hui, le Tchad est seul sur le terrain. \u00ab\u00a0Le sang des Tchadiens vers\u00e9 \u00e0 Boma a \u00e9t\u00e9 suffisamment pay\u00e9, mais nous restons vigilants\u00a0\u00bb, sest-il f\u00e9licit\u00e9, faisant allusion \u00e0 la centaine de soldats tchadiens tu\u00e9s dans la localit\u00e9 de Boma fin mars.\u00a0<\/p>\n<p>Il a invit\u00e9 la force multinationale des pays du Lac Tchad et du B\u00e9nin \u00e0 prendre le relai de la lutte. \u00ab\u00a0Cette force, dit-il, doit engager les forces des autres pays, notamment le Cameroun, le Niger et le Nig\u00e9ri\u00a0\u00bb.<\/p>\n<\/div>\n<p>Auteur: APA News<br \/>\n<a href=\"https:\/\/www.journalducameroun.com\/deby-dit-avoir-nettoye-les-iles-du-lac-tchad-de-boko-haram\/\">Cliquez ici pour lire l&rsquo;article depuis sa source.<\/a><\/p>\n","protected":false},"excerpt":{"rendered":"<p>Publi\u00e9 le 04.04.2020 \u00e0 16h18 par APA News L\u2019arm\u00e9e tchadienne qui a entam\u00e9, fin mars, une campagne militaire d\u00e9nomm\u00e9e \u00ab col\u00e8re de Boma \u00bb contre les \u00e9l\u00e9ments de Boko Haram dans la r\u00e9gion du Lac Tchad, dit avoir d\u00e9truit plusieurs bases des djihadistes.Le chef de l\u2019Etat, Idriss D\u00e9by qui dirige personnellement l\u2019offensive militaire, a d\u00e9clar\u00e9 [&hellip;]<\/p>\n","protected":false},"author":1965,"featured_media":0,"comment_status":"closed","ping_status":"closed","sticky":false,"template":"","format":"standard","meta":{"fifu_image_url":"","fifu_image_alt":"","footnotes":""},"categories":[73,82],"tags":[],"class_list":["post-81240","post","type-post","status-publish","format-standard","hentry","category-actualite","category-cameroun"],"_links":{"self":[{"href":"https:\/\/linitiative.ca\/International\/wp-json\/wp\/v2\/posts\/81240","targetHints":{"allow":["GET"]}}],"collection":[{"href":"https:\/\/linitiative.ca\/International\/wp-json\/wp\/v2\/posts"}],"about":[{"href":"https:\/\/linitiative.ca\/International\/wp-json\/wp\/v2\/types\/post"}],"author":[{"embeddable":true,"href":"https:\/\/linitiative.ca\/International\/wp-json\/wp\/v2\/users\/1965"}],"replies":[{"embeddable":true,"href":"https:\/\/linitiative.ca\/International\/wp-json\/wp\/v2\/comments?post=81240"}],"version-history":[{"count":0,"href":"https:\/\/linitiative.ca\/International\/wp-json\/wp\/v2\/posts\/81240\/revisions"}],"wp:attachment":[{"href":"https:\/\/linitiative.ca\/International\/wp-json\/wp\/v2\/media?parent=81240"}],"wp:term":[{"taxonomy":"category","embeddable":true,"href":"https:\/\/linitiative.ca\/International\/wp-json\/wp\/v2\/categories?post=81240"},{"taxonomy":"post_tag","embeddable":true,"href":"https:\/\/linitiative.ca\/International\/wp-json\/wp\/v2\/tags?post=81240"}],"curies":[{"name":"wp","href":"https:\/\/api.w.org\/{rel}","templated":true}]}}