{"id":81368,"date":"2020-04-06T12:53:23","date_gmt":"2020-04-06T16:53:23","guid":{"rendered":"https:\/\/linitiative.ca\/International\/lhopital-mohammed-vi-recoit-un-lot-de-materiel-medical\/"},"modified":"2020-04-06T12:53:23","modified_gmt":"2020-04-06T16:53:23","slug":"lhopital-mohammed-vi-recoit-un-lot-de-materiel-medical","status":"publish","type":"post","link":"https:\/\/linitiative.ca\/International\/lhopital-mohammed-vi-recoit-un-lot-de-materiel-medical\/","title":{"rendered":"L\u2019h\u00f4pital Mohammed VI re\u00e7oit un lot de mat\u00e9riel m\u00e9dical"},"content":{"rendered":"<div class=\"single-featured\"><img alt=\"\" data-src=\"http:\/\/www.mapmarrakech.ma\/map\/uploads\/2020\/04\/appareils-m&#xE9;dicaux-chichaoua-copier.jpg\"\/><\/div>\n<div class=\"single-post-excerpt post-excerpt-bc\" readability=\"36\">\n<p>Chichaoua \u2013 La D\u00e9l\u00e9gation provinciale de la sant\u00e9 de Chichaoua a re\u00e7u un lot de mat\u00e9riel et d\u2019\u00e9quipements m\u00e9dicaux et ce, dans le cadre des actions proactives men\u00e9es par les autorit\u00e9s de la province pour renforcer les infrastructures de l\u2019h\u00f4pital Mohammed VI en mati\u00e8re d\u2019intervention et d\u2019offres de premiers soins aux patients atteints du Covid-19.<\/p>\n<\/div>\n<div class=\"entry-content clearfix single-post-content\" readability=\"41\">\n<p>Selon un communiqu\u00e9 de la D\u00e9l\u00e9gation, il s\u2019agit notamment d\u2019appareils de respiration, de concentrateurs d\u2019oxyg\u00e8ne et de tensiom\u00e8tres.<\/p>\n<p>Ce mat\u00e9riel et ces \u00e9quipements, offerts par l\u2019un des acteurs associatifs en coordination avec la pr\u00e9fecture de la province, visent \u00e0 augmenter la capacit\u00e9 liti\u00e8re de l\u2019h\u00f4pital provincial en vue de faire face aux r\u00e9percussions du nouveau coronavirus.<\/p>\n<\/div>\n<p>Auteur: Meriem IGASS<br \/>\n<a href=\"http:\/\/www.mapmarrakech.ma\/fr\/lhopital-mohammed-vi-recoit-un-lot-de-materiel-medical\/\">Cliquez ici pour lire l&rsquo;article depuis sa source.<\/a><\/p>\n","protected":false},"excerpt":{"rendered":"<p>Chichaoua \u2013 La D\u00e9l\u00e9gation provinciale de la sant\u00e9 de Chichaoua a re\u00e7u un lot de mat\u00e9riel et d\u2019\u00e9quipements m\u00e9dicaux et ce, dans le cadre des actions proactives men\u00e9es par les autorit\u00e9s de la province pour renforcer les infrastructures de l\u2019h\u00f4pital Mohammed VI en mati\u00e8re d\u2019intervention et d\u2019offres de premiers soins aux patients atteints du Covid-19. [&hellip;]<\/p>\n","protected":false},"author":1788,"featured_media":81369,"comment_status":"closed","ping_status":"closed","sticky":false,"template":"","format":"standard","meta":{"fifu_image_url":"","fifu_image_alt":"","footnotes":""},"categories":[54,76],"tags":[],"class_list":["post-81368","post","type-post","status-publish","format-standard","has-post-thumbnail","hentry","category-maroc","category-regions"],"_links":{"self":[{"href":"https:\/\/linitiative.ca\/International\/wp-json\/wp\/v2\/posts\/81368","targetHints":{"allow":["GET"]}}],"collection":[{"href":"https:\/\/linitiative.ca\/International\/wp-json\/wp\/v2\/posts"}],"about":[{"href":"https:\/\/linitiative.ca\/International\/wp-json\/wp\/v2\/types\/post"}],"author":[{"embeddable":true,"href":"https:\/\/linitiative.ca\/International\/wp-json\/wp\/v2\/users\/1788"}],"replies":[{"embeddable":true,"href":"https:\/\/linitiative.ca\/International\/wp-json\/wp\/v2\/comments?post=81368"}],"version-history":[{"count":0,"href":"https:\/\/linitiative.ca\/International\/wp-json\/wp\/v2\/posts\/81368\/revisions"}],"wp:featuredmedia":[{"embeddable":true,"href":"https:\/\/linitiative.ca\/International\/wp-json\/"}],"wp:attachment":[{"href":"https:\/\/linitiative.ca\/International\/wp-json\/wp\/v2\/media?parent=81368"}],"wp:term":[{"taxonomy":"category","embeddable":true,"href":"https:\/\/linitiative.ca\/International\/wp-json\/wp\/v2\/categories?post=81368"},{"taxonomy":"post_tag","embeddable":true,"href":"https:\/\/linitiative.ca\/International\/wp-json\/wp\/v2\/tags?post=81368"}],"curies":[{"name":"wp","href":"https:\/\/api.w.org\/{rel}","templated":true}]}}