{"id":81370,"date":"2020-04-06T13:18:31","date_gmt":"2020-04-06T17:18:31","guid":{"rendered":"https:\/\/linitiative.ca\/International\/covid-19-fermeture-du-marche-al-karama-1-a-benguerir\/"},"modified":"2020-04-06T13:18:31","modified_gmt":"2020-04-06T17:18:31","slug":"covid-19-fermeture-du-marche-al-karama-1-a-benguerir","status":"publish","type":"post","link":"https:\/\/linitiative.ca\/International\/covid-19-fermeture-du-marche-al-karama-1-a-benguerir\/","title":{"rendered":"Covid-19: Fermeture du march\u00e9 \u00ab\u00a0Al Karama 1\u00a0\u00bb \u00e0 Bengu\u00e9rir"},"content":{"rendered":"<div class=\"single-featured\"><img alt=\"\" data-src=\"http:\/\/www.mapmarrakech.ma\/map\/uploads\/2020\/04\/march&#xE9;-karama-benguerir-copier.jpg\"\/><\/div>\n<div class=\"single-post-excerpt post-excerpt-bc\" readability=\"38\">\n<p>Bengu\u00e9rir \u2013 Un arr\u00eat\u00e9 a \u00e9t\u00e9 sign\u00e9 par le gouverneur de la province de Rehamna, Aziz Bouignane, portant sur la fermeture du march\u00e9 \u00ab\u00a0Al Karama 1\u00a0\u00bb sis au quartier Al Farah \u00e0 Bengu\u00e9rir et ce, dans le cadre des efforts d\u00e9ploy\u00e9s pour la lutte contre la propagation du nouveau coronavirus.<\/p>\n<\/div>\n<div class=\"entry-content clearfix single-post-content\" readability=\"41\">\n<p>Cet arr\u00eat\u00e9, qui intervient dans le sillage de l\u2019\u00e9lan de mobilisation g\u00e9n\u00e9rale auquel ont adh\u00e9r\u00e9 toutes les institutions de l\u2019Etat, s\u2019inscrit dans le cadre des directives \u00e9mises par les autorit\u00e9s comp\u00e9tentes et de l\u2019approche proactive adopt\u00e9e pour faire face au Covid-19, contenir sa propagation et garantir la s\u00e9curit\u00e9 et la sant\u00e9 des citoyennes et des citoyens.<\/p>\n<p>La mise en \u0153uvre de cette d\u00e9cision a \u00e9t\u00e9 confi\u00e9e aux autorit\u00e9s locales et aux services communaux comp\u00e9tents conform\u00e9ment aux lois en vigueur.<\/p>\n<\/div>\n<p>Auteur: Meriem IGASS<br \/>\n<a href=\"http:\/\/www.mapmarrakech.ma\/fr\/covid-19-fermeture-du-marche-al-karama-1-a-benguerir\/\">Cliquez ici pour lire l&rsquo;article depuis sa source.<\/a><\/p>\n","protected":false},"excerpt":{"rendered":"<p>Bengu\u00e9rir \u2013 Un arr\u00eat\u00e9 a \u00e9t\u00e9 sign\u00e9 par le gouverneur de la province de Rehamna, Aziz Bouignane, portant sur la fermeture du march\u00e9 \u00ab\u00a0Al Karama 1\u00a0\u00bb sis au quartier Al Farah \u00e0 Bengu\u00e9rir et ce, dans le cadre des efforts d\u00e9ploy\u00e9s pour la lutte contre la propagation du nouveau coronavirus. Cet arr\u00eat\u00e9, qui intervient dans [&hellip;]<\/p>\n","protected":false},"author":1788,"featured_media":81371,"comment_status":"closed","ping_status":"closed","sticky":false,"template":"","format":"standard","meta":{"fifu_image_url":"","fifu_image_alt":"","footnotes":""},"categories":[54,76],"tags":[],"class_list":["post-81370","post","type-post","status-publish","format-standard","has-post-thumbnail","hentry","category-maroc","category-regions"],"_links":{"self":[{"href":"https:\/\/linitiative.ca\/International\/wp-json\/wp\/v2\/posts\/81370","targetHints":{"allow":["GET"]}}],"collection":[{"href":"https:\/\/linitiative.ca\/International\/wp-json\/wp\/v2\/posts"}],"about":[{"href":"https:\/\/linitiative.ca\/International\/wp-json\/wp\/v2\/types\/post"}],"author":[{"embeddable":true,"href":"https:\/\/linitiative.ca\/International\/wp-json\/wp\/v2\/users\/1788"}],"replies":[{"embeddable":true,"href":"https:\/\/linitiative.ca\/International\/wp-json\/wp\/v2\/comments?post=81370"}],"version-history":[{"count":0,"href":"https:\/\/linitiative.ca\/International\/wp-json\/wp\/v2\/posts\/81370\/revisions"}],"wp:featuredmedia":[{"embeddable":true,"href":"https:\/\/linitiative.ca\/International\/wp-json\/"}],"wp:attachment":[{"href":"https:\/\/linitiative.ca\/International\/wp-json\/wp\/v2\/media?parent=81370"}],"wp:term":[{"taxonomy":"category","embeddable":true,"href":"https:\/\/linitiative.ca\/International\/wp-json\/wp\/v2\/categories?post=81370"},{"taxonomy":"post_tag","embeddable":true,"href":"https:\/\/linitiative.ca\/International\/wp-json\/wp\/v2\/tags?post=81370"}],"curies":[{"name":"wp","href":"https:\/\/api.w.org\/{rel}","templated":true}]}}