{"id":81372,"date":"2020-04-06T14:01:11","date_gmt":"2020-04-06T18:01:11","guid":{"rendered":"https:\/\/linitiative.ca\/International\/poursuite-de-la-campagne-de-desinfection-des-espaces\/"},"modified":"2020-04-06T14:01:11","modified_gmt":"2020-04-06T18:01:11","slug":"poursuite-de-la-campagne-de-desinfection-des-espaces","status":"publish","type":"post","link":"https:\/\/linitiative.ca\/International\/poursuite-de-la-campagne-de-desinfection-des-espaces\/","title":{"rendered":"Poursuite de la campagne de d\u00e9sinfection des espaces"},"content":{"rendered":"<div readability=\"37\">\n<p>Marrakech \u2013 La campagne de d\u00e9sinfection et de st\u00e9rilisation des espaces, art\u00e8res, administrations et places publics de la cit\u00e9 ocre se poursuit, avec comme objectif de contribuer aux efforts visant \u00e0 enrayer la propagation du coronavirus (Covid-19).<\/p>\n<\/div>\n<div readability=\"72\">\n<p>Cette campagne, qui a commenc\u00e9 le 14 mars dernier, est\u00a0supervis\u00e9e par des \u00e9quipes relevant du Bureau communal d\u2019hygi\u00e8ne (BCH) et des soci\u00e9t\u00e9s d\u00e9l\u00e9gataires charg\u00e9es de la gestion des d\u00e9chets.<\/p>\n<p>Ainsi, des \u00e9quipes relevant du BCH et desdites soci\u00e9t\u00e9s ont men\u00e9 une campagne de st\u00e9rilisation et de d\u00e9sinfection au niveau des principales art\u00e8res de Marrakech, qui a d\u00e9but\u00e9 du quartier Gu\u00e9liz.<\/p>\n<p>Dans une d\u00e9claration \u00e0 la presse, la vice-pr\u00e9sidente du Conseil communal de Marrakech charg\u00e9e du BCH, Khadija El Faddi, a indiqu\u00e9 que cette 3\u00e8 campagne vient couronner une semaine enti\u00e8re d\u2019op\u00e9rations de d\u00e9sinfection et de st\u00e9rilisation des services et administrations qui connaissent une grande affluence, ainsi que des quartiers et march\u00e9s de la ville.<\/p>\n<p>Dans ce sens, elle a relev\u00e9 que les services du BCH ont mobilis\u00e9 pour cette op\u00e9ration d\u2019envergure des \u00e9quipes r\u00e9parties sur les diff\u00e9rents points de la ville, en plus de celles des soci\u00e9t\u00e9s d\u00e9l\u00e9gataires de la gestion des d\u00e9chets qui ont fourni 08 camions-citernes pour assurer une couverture de l\u2019ensemble des zones de la ville.<\/p>\n<p>Mme El Faddi a fait savoir que les services concern\u00e9s ont apport\u00e9 un soutien consistant aux op\u00e9rations de d\u00e9sinfection et de st\u00e9rilisation \u00e0 travers les mat\u00e9riels et engins n\u00e9cessaires \u00e0 la r\u00e9ussite de leurs missions, soulignant que cette campagne se poursuivra avec un ratissage complet des diff\u00e9rents quartiers de la ville en se focalisant sur les march\u00e9s.<\/p>\n<p>Elle a \u00e9galement appel\u00e9 les habitants de la cit\u00e9 ocre \u00e0 rester chez eux, \u00e0 r\u00e9duire leurs d\u00e9placements sauf dans les cas de n\u00e9cessit\u00e9 extr\u00eame et \u00e0 se conformer aux mesures prises au niveau national pour enrayer la propagation du coronavirus.<\/p>\n<p>Cette campagne pr\u00e9ventive s\u2019inscrit dans le cadre des mesures adopt\u00e9es au niveau de la pr\u00e9fecture de Marrakech pour endiguer la propagation de cette pand\u00e9mie.<\/p>\n<\/div>\n<p>Auteur: Meriem IGASS<br \/>\n<a href=\"http:\/\/www.mapmarrakech.ma\/fr\/poursuite-de-la-campagne-de-desinfection-des-espaces\/\">Cliquez ici pour lire l&rsquo;article depuis sa source.<\/a><\/p>\n","protected":false},"excerpt":{"rendered":"<p>Marrakech \u2013 La campagne de d\u00e9sinfection et de st\u00e9rilisation des espaces, art\u00e8res, administrations et places publics de la cit\u00e9 ocre se poursuit, avec comme objectif de contribuer aux efforts visant \u00e0 enrayer la propagation du coronavirus (Covid-19). Cette campagne, qui a commenc\u00e9 le 14 mars dernier, est\u00a0supervis\u00e9e par des \u00e9quipes relevant du Bureau communal d\u2019hygi\u00e8ne [&hellip;]<\/p>\n","protected":false},"author":1788,"featured_media":0,"comment_status":"closed","ping_status":"closed","sticky":false,"template":"","format":"standard","meta":{"fifu_image_url":"","fifu_image_alt":"","footnotes":""},"categories":[54,76],"tags":[],"class_list":["post-81372","post","type-post","status-publish","format-standard","hentry","category-maroc","category-regions"],"_links":{"self":[{"href":"https:\/\/linitiative.ca\/International\/wp-json\/wp\/v2\/posts\/81372","targetHints":{"allow":["GET"]}}],"collection":[{"href":"https:\/\/linitiative.ca\/International\/wp-json\/wp\/v2\/posts"}],"about":[{"href":"https:\/\/linitiative.ca\/International\/wp-json\/wp\/v2\/types\/post"}],"author":[{"embeddable":true,"href":"https:\/\/linitiative.ca\/International\/wp-json\/wp\/v2\/users\/1788"}],"replies":[{"embeddable":true,"href":"https:\/\/linitiative.ca\/International\/wp-json\/wp\/v2\/comments?post=81372"}],"version-history":[{"count":0,"href":"https:\/\/linitiative.ca\/International\/wp-json\/wp\/v2\/posts\/81372\/revisions"}],"wp:attachment":[{"href":"https:\/\/linitiative.ca\/International\/wp-json\/wp\/v2\/media?parent=81372"}],"wp:term":[{"taxonomy":"category","embeddable":true,"href":"https:\/\/linitiative.ca\/International\/wp-json\/wp\/v2\/categories?post=81372"},{"taxonomy":"post_tag","embeddable":true,"href":"https:\/\/linitiative.ca\/International\/wp-json\/wp\/v2\/tags?post=81372"}],"curies":[{"name":"wp","href":"https:\/\/api.w.org\/{rel}","templated":true}]}}