{"id":81377,"date":"2020-04-06T13:36:06","date_gmt":"2020-04-06T17:36:06","guid":{"rendered":"https:\/\/linitiative.ca\/International\/la-societe-civile-fortement-engagee-dans-la-lutte-contre-le-coronavirus\/"},"modified":"2020-04-06T13:36:06","modified_gmt":"2020-04-06T17:36:06","slug":"la-societe-civile-fortement-engagee-dans-la-lutte-contre-le-coronavirus","status":"publish","type":"post","link":"https:\/\/linitiative.ca\/International\/la-societe-civile-fortement-engagee-dans-la-lutte-contre-le-coronavirus\/","title":{"rendered":"La soci\u00e9t\u00e9 civile fortement engag\u00e9e dans la lutte contre le Coronavirus"},"content":{"rendered":"<p class=\"c4\">Les efforts pour emp\u00eacher la propagation de la pand\u00e9mie du coronavirus (Covid-19) se poursuivent \u00e0 un rythme soutenu au niveau de la province de Berkane o\u00f9 la soci\u00e9t\u00e9 civile fait preuve d\u2019une forte mobilisation en ces moments difficiles.<\/p>\n<p class=\"c4\">Joignant leurs efforts aux nombreuses et diverses actions men\u00e9es par les autorit\u00e9s locales, les forces de l\u2019ordre, les instances \u00e9lus, le corps m\u00e9dical et d\u2019autres parties, les acteurs associatifs multiplient les initiatives et s\u2019impliquent corps et \u00e2me pour contribuer \u00e0 la pr\u00e9servation de la s\u00e9curit\u00e9 sanitaire des citoyens.<\/p>\n<p class=\"c4\">Et c\u2019est le cas de l\u2019association Ajial Berkane pour le d\u00e9veloppement qui a lanc\u00e9 dimanche une vaste campagne de st\u00e9rilisation au niveau des quartiers de cette ville de la r\u00e9gion de l\u2019Oriental dans la perspective de l\u2019\u00e9tendre pour englober le milieu rural.<\/p>\n<p class=\"c4\">Cette initiative a connu l\u2019adh\u00e9sion d\u2019un groupe d\u2019agriculteurs qui, conscients du devoir \u00e0 remplir dans des circonstances comme celles-ci, ont mis \u00e0 la disposition de l\u2019association leurs tracteurs (16 au total) et du mat\u00e9riel de pulv\u00e9risation pour la d\u00e9sinfection des places et lieux cibles, et partant \u00e9viter les risques de contamination au coronavirus, ce virus dangereux qui peut rester en vie pendant des jours sur certaines surfaces.<\/p>\n<p class=\"c4\">En plus de la d\u00e9sinfection des rues et des endroits publics, en milieu urbain ou rural, les membres de l\u2019Associalion Ajial ont saisi l\u2019opportunit\u00e9 pour s\u2019investir, en parall\u00e8le, dans une op\u00e9ration de sensibilisation des habitants \u00e0 l\u2019imp\u00e9ratif du respect des r\u00e8gles qu\u2019imposent l\u2019\u00e9tat d\u2019urgence sanitaire, de suivre les consignes en termes d\u2019hygi\u00e8ne et de propret\u00e9 et de rester chez eux pendant toute la p\u00e9riode de confinement et ne sortir qu\u2019en cas de besoin extr\u00eame munis de l\u2019autorisation de d\u00e9placement exceptionnelle.<\/p>\n<p><img class=\"wp-image-19296 aligncenter\" data-src=\"http:\/\/www.mapoujda.ma\/map\/uploads\/2020\/04\/L&#x2019;association-Ajial-Berkane-M750&#xD7;430-MAP-1.jpg\" alt=\"\" width=\"576\" height=\"330\" srcset=\"http:\/\/www.mapoujda.ma\/map\/uploads\/2020\/04\/L&#x2019;association-Ajial-Berkane-M750&#xD7;430-MAP-1.jpg 750w, http:\/\/www.mapoujda.ma\/map\/uploads\/2020\/04\/L&#x2019;association-Ajial-Berkane-M750&#xD7;430-MAP-1-300x172.jpg 300w\" sizes=\"(max-width: 576px) 100vw, 576px\"\/><\/p>\n<p class=\"c4\">Pour les responsables de l\u2019Association, cette initiative qui allie d\u00e9sinfection et sensibilisation rentre dans le sillage de la mobilisation g\u00e9n\u00e9rale que conna\u00eet le Royaume et du devoir de contribuer aux efforts fournis par les pouvoirs publics pour endiguer cette pand\u00e9mie.<\/p>\n<p class=\"c4\">\u00ab\u00a0Ajial Berkane\u00a0\u00bb en tant qu\u2019association citoyenne demeure engag\u00e9e, comme toutes les autres associations, pour appuyer les diff\u00e9rentes initiatives lanc\u00e9es par les autorit\u00e9s locales, et ses membres restent volontairement mobilis\u00e9s pour mener des campagnes d\u2019encadrement et de sensibilisation de la population quant \u00e0 la gravit\u00e9 de cette pand\u00e9mie, a indiqu\u00e9 \u00e0 la MAP le pr\u00e9sident de cette association, Houssein El Kasmi.<\/p>\n<p class=\"c4\">Il a fait remarquer dans ce sens que son association a mobilis\u00e9 dans un cadre de coop\u00e9ration les moyens logistiques et humains n\u00e9cessaires, pour la campagne de st\u00e9rilisation\/sensibilisation lanc\u00e9e au niveau de la municipalit\u00e9 de Sidi Slimane Chra\u00e2 comme premi\u00e8re \u00e9tape avant de passer \u00e0 d\u2019autres communes rurales et urbaines, affirmant que toutes les mesures de pr\u00e9vention et de protection sont prises en consid\u00e9ration et tr\u00e8s au s\u00e9rieux lors de cette op\u00e9ration.<\/p>\n<p class=\"c4\">M. El Kasmi a pr\u00e9cis\u00e9 \u00e0 cet effet que les participants ont re\u00e7u, outre des notions et des explications sur le d\u00e9roulement de l\u2019op\u00e9ration de d\u00e9sinfection et le mode d\u2019utilisation des st\u00e9rilisants, des masques, des gants et d\u2019autres \u00e9quipements.<\/p>\n<p class=\"c4\">Les agriculteurs partenaires de cette action ont exprim\u00e9, pour leur part, leur fiert\u00e9 de participer \u00e0 cette vaste campagne avec des engins agricoles et produits st\u00e9rilisants, et d\u2019adh\u00e9rer \u00e0 l\u2019\u00e9lan solidarit\u00e9 nationale dont ont fait preuve les citoyens marocains en interaction avec les d\u00e9cisions prises par les pouvoirs publics.<\/p>\n<p class=\"c4\">Ils ont de m\u00eame mis en avant les Hautes instructions royales relatives \u00e0 la cr\u00e9ation d\u2019un fonds sp\u00e9cial d\u00e9di\u00e9 \u00e0 la gestion de la pand\u00e9mie de coronavirus, relevant que la situation actuelle requiert une mobilisation tous azimuts dict\u00e9e par le devoir national afin de pr\u00e9server la s\u00e9curit\u00e9 sanitaire des citoyens et pour venir en aide aux personnes et familles d\u00e9munies.<\/p>\n<p>Auteur: Soufiane ELAHMAR<br \/>\n<a href=\"http:\/\/www.mapoujda.ma\/fr\/la-societe-civile-fortement-engagee-dans-la-lutte-contre-le-coronavirus\/\">Cliquez ici pour lire l&rsquo;article depuis sa source.<\/a><\/p>\n","protected":false},"excerpt":{"rendered":"<p>Les efforts pour emp\u00eacher la propagation de la pand\u00e9mie du coronavirus (Covid-19) se poursuivent \u00e0 un rythme soutenu au niveau de la province de Berkane o\u00f9 la soci\u00e9t\u00e9 civile fait preuve d\u2019une forte mobilisation en ces moments difficiles. Joignant leurs efforts aux nombreuses et diverses actions men\u00e9es par les autorit\u00e9s locales, les forces de l\u2019ordre, [&hellip;]<\/p>\n","protected":false},"author":1788,"featured_media":81378,"comment_status":"closed","ping_status":"closed","sticky":false,"template":"","format":"standard","meta":{"fifu_image_url":"","fifu_image_alt":"","footnotes":""},"categories":[54,76],"tags":[],"class_list":["post-81377","post","type-post","status-publish","format-standard","has-post-thumbnail","hentry","category-maroc","category-regions"],"_links":{"self":[{"href":"https:\/\/linitiative.ca\/International\/wp-json\/wp\/v2\/posts\/81377","targetHints":{"allow":["GET"]}}],"collection":[{"href":"https:\/\/linitiative.ca\/International\/wp-json\/wp\/v2\/posts"}],"about":[{"href":"https:\/\/linitiative.ca\/International\/wp-json\/wp\/v2\/types\/post"}],"author":[{"embeddable":true,"href":"https:\/\/linitiative.ca\/International\/wp-json\/wp\/v2\/users\/1788"}],"replies":[{"embeddable":true,"href":"https:\/\/linitiative.ca\/International\/wp-json\/wp\/v2\/comments?post=81377"}],"version-history":[{"count":0,"href":"https:\/\/linitiative.ca\/International\/wp-json\/wp\/v2\/posts\/81377\/revisions"}],"wp:featuredmedia":[{"embeddable":true,"href":"https:\/\/linitiative.ca\/International\/wp-json\/"}],"wp:attachment":[{"href":"https:\/\/linitiative.ca\/International\/wp-json\/wp\/v2\/media?parent=81377"}],"wp:term":[{"taxonomy":"category","embeddable":true,"href":"https:\/\/linitiative.ca\/International\/wp-json\/wp\/v2\/categories?post=81377"},{"taxonomy":"post_tag","embeddable":true,"href":"https:\/\/linitiative.ca\/International\/wp-json\/wp\/v2\/tags?post=81377"}],"curies":[{"name":"wp","href":"https:\/\/api.w.org\/{rel}","templated":true}]}}