{"id":81394,"date":"2020-04-06T15:14:05","date_gmt":"2020-04-06T19:14:05","guid":{"rendered":"https:\/\/linitiative.ca\/International\/international-coronavirus-deces-de-la-mere-de-guardiola\/"},"modified":"2020-04-06T15:14:05","modified_gmt":"2020-04-06T19:14:05","slug":"international-coronavirus-deces-de-la-mere-de-guardiola","status":"publish","type":"post","link":"https:\/\/linitiative.ca\/International\/international-coronavirus-deces-de-la-mere-de-guardiola\/","title":{"rendered":"International : Coronavirus : d\u00e9c\u00e8s de la m\u00e8re de Guardiola"},"content":{"rendered":"<div readability=\"32\">\n<p>Auteur : <span class=\"time\">lundi 06 avril 2020 15:32<\/span><\/p>\n<\/div>\n<div id=\"post_core\" readability=\"37\">\n<p>Terrible nouvelle pour l&rsquo;entra\u00eeneur de Manchester City, Pep Guardiola. Le club anglais nous apprend ce lundi que le technicien catalan a perdu sa maman, Dolors Sala Carrio, victime du coronavirus. La m\u00e8re de l&rsquo;ancien coach du FC Barcelone \u00e9tait \u00e2g\u00e9e de 82 ans rapporte Maxifoot.fr.<\/p>\n<p><strong>Publi\u00e9 dans :<\/strong> <span>Guardiola<\/span><\/p>\n<\/div>\n<p>Auteur:<br \/>\n<a href=\"http:\/\/www.lebuteur.com\/article\/detail?titre=coronavirus-deces-de-la-mere-de-guardiola&#038;id=95549&#038;utm_source=feedburner&#038;utm_medium=feed&#038;utm_campaign=Feed%3A+GalerieFArtciles+%28Les+derniers+articles++-+lebuteur.com%29\">Cliquez ici pour lire l&rsquo;article depuis sa source.<\/a><\/p>\n","protected":false},"excerpt":{"rendered":"<p>Auteur : lundi 06 avril 2020 15:32 Terrible nouvelle pour l&rsquo;entra\u00eeneur de Manchester City, Pep Guardiola. Le club anglais nous apprend ce lundi que le technicien catalan a perdu sa maman, Dolors Sala Carrio, victime du coronavirus. La m\u00e8re de l&rsquo;ancien coach du FC Barcelone \u00e9tait \u00e2g\u00e9e de 82 ans rapporte Maxifoot.fr. Publi\u00e9 dans : [&hellip;]<\/p>\n","protected":false},"author":1738,"featured_media":81395,"comment_status":"closed","ping_status":"closed","sticky":false,"template":"","format":"standard","meta":{"fifu_image_url":"","fifu_image_alt":"","footnotes":""},"categories":[53,75],"tags":[],"class_list":["post-81394","post","type-post","status-publish","format-standard","has-post-thumbnail","hentry","category-algerie","category-sport"],"_links":{"self":[{"href":"https:\/\/linitiative.ca\/International\/wp-json\/wp\/v2\/posts\/81394","targetHints":{"allow":["GET"]}}],"collection":[{"href":"https:\/\/linitiative.ca\/International\/wp-json\/wp\/v2\/posts"}],"about":[{"href":"https:\/\/linitiative.ca\/International\/wp-json\/wp\/v2\/types\/post"}],"author":[{"embeddable":true,"href":"https:\/\/linitiative.ca\/International\/wp-json\/wp\/v2\/users\/1738"}],"replies":[{"embeddable":true,"href":"https:\/\/linitiative.ca\/International\/wp-json\/wp\/v2\/comments?post=81394"}],"version-history":[{"count":0,"href":"https:\/\/linitiative.ca\/International\/wp-json\/wp\/v2\/posts\/81394\/revisions"}],"wp:featuredmedia":[{"embeddable":true,"href":"https:\/\/linitiative.ca\/International\/wp-json\/"}],"wp:attachment":[{"href":"https:\/\/linitiative.ca\/International\/wp-json\/wp\/v2\/media?parent=81394"}],"wp:term":[{"taxonomy":"category","embeddable":true,"href":"https:\/\/linitiative.ca\/International\/wp-json\/wp\/v2\/categories?post=81394"},{"taxonomy":"post_tag","embeddable":true,"href":"https:\/\/linitiative.ca\/International\/wp-json\/wp\/v2\/tags?post=81394"}],"curies":[{"name":"wp","href":"https:\/\/api.w.org\/{rel}","templated":true}]}}