{"id":81396,"date":"2020-04-06T15:14:07","date_gmt":"2020-04-06T19:14:07","guid":{"rendered":"https:\/\/linitiative.ca\/International\/divers-coronavirus-103-nouveaux-cas-confirmes-et-21-nouveaux-deces-en-algerie\/"},"modified":"2020-04-06T15:14:07","modified_gmt":"2020-04-06T19:14:07","slug":"divers-coronavirus-103-nouveaux-cas-confirmes-et-21-nouveaux-deces-en-algerie","status":"publish","type":"post","link":"https:\/\/linitiative.ca\/International\/divers-coronavirus-103-nouveaux-cas-confirmes-et-21-nouveaux-deces-en-algerie\/","title":{"rendered":"Divers : Coronavirus : 103 nouveaux cas confirm\u00e9s et 21 nouveaux d\u00e9c\u00e8s en Alg\u00e9rie"},"content":{"rendered":"<div readability=\"32\">\n<p>Auteur : <span>APS<\/span> <span class=\"time\">lundi 06 avril 2020 17:54<\/span><\/p>\n<\/div>\n<div id=\"post_core\" readability=\"41\">\n<p>Cent-trois (103) nouveaux cas confirm\u00e9s de coronavirus (Covid-19) et 21 nouveaux d\u00e9c\u00e8s ont \u00e9t\u00e9 enregistr\u00e9s en Alg\u00e9rie, portant le nombre de cas confirm\u00e9s \u00e0 1.423 et celui des d\u00e9c\u00e8s \u00e0 173, a indiqu\u00e9 lundi \u00e0 Alger, le porte-parole du Comit\u00e9 scientifique de suivi de l&rsquo;\u00e9volution de la pand\u00e9mie du Coronavirus, Djamel Fourar.<\/p>\n<p><strong>Publi\u00e9 dans :<\/strong> <span>Coronavirus<\/span><\/p>\n<\/div>\n<p>Auteur:<br \/>\n<a href=\"http:\/\/www.lebuteur.com\/article\/detail?titre=coronavirus-103-nouveaux-cas-confirmes-et-21-nouveaux-deces-en-algerie&#038;id=95550&#038;utm_source=feedburner&#038;utm_medium=feed&#038;utm_campaign=Feed%3A+GalerieFArtciles+%28Les+derniers+articles++-+lebuteur.com%29\">Cliquez ici pour lire l&rsquo;article depuis sa source.<\/a><\/p>\n","protected":false},"excerpt":{"rendered":"<p>Auteur : APS lundi 06 avril 2020 17:54 Cent-trois (103) nouveaux cas confirm\u00e9s de coronavirus (Covid-19) et 21 nouveaux d\u00e9c\u00e8s ont \u00e9t\u00e9 enregistr\u00e9s en Alg\u00e9rie, portant le nombre de cas confirm\u00e9s \u00e0 1.423 et celui des d\u00e9c\u00e8s \u00e0 173, a indiqu\u00e9 lundi \u00e0 Alger, le porte-parole du Comit\u00e9 scientifique de suivi de l&rsquo;\u00e9volution de la [&hellip;]<\/p>\n","protected":false},"author":1738,"featured_media":81397,"comment_status":"closed","ping_status":"closed","sticky":false,"template":"","format":"standard","meta":{"fifu_image_url":"","fifu_image_alt":"","footnotes":""},"categories":[53,75],"tags":[],"class_list":["post-81396","post","type-post","status-publish","format-standard","has-post-thumbnail","hentry","category-algerie","category-sport"],"_links":{"self":[{"href":"https:\/\/linitiative.ca\/International\/wp-json\/wp\/v2\/posts\/81396","targetHints":{"allow":["GET"]}}],"collection":[{"href":"https:\/\/linitiative.ca\/International\/wp-json\/wp\/v2\/posts"}],"about":[{"href":"https:\/\/linitiative.ca\/International\/wp-json\/wp\/v2\/types\/post"}],"author":[{"embeddable":true,"href":"https:\/\/linitiative.ca\/International\/wp-json\/wp\/v2\/users\/1738"}],"replies":[{"embeddable":true,"href":"https:\/\/linitiative.ca\/International\/wp-json\/wp\/v2\/comments?post=81396"}],"version-history":[{"count":0,"href":"https:\/\/linitiative.ca\/International\/wp-json\/wp\/v2\/posts\/81396\/revisions"}],"wp:featuredmedia":[{"embeddable":true,"href":"https:\/\/linitiative.ca\/International\/wp-json\/"}],"wp:attachment":[{"href":"https:\/\/linitiative.ca\/International\/wp-json\/wp\/v2\/media?parent=81396"}],"wp:term":[{"taxonomy":"category","embeddable":true,"href":"https:\/\/linitiative.ca\/International\/wp-json\/wp\/v2\/categories?post=81396"},{"taxonomy":"post_tag","embeddable":true,"href":"https:\/\/linitiative.ca\/International\/wp-json\/wp\/v2\/tags?post=81396"}],"curies":[{"name":"wp","href":"https:\/\/api.w.org\/{rel}","templated":true}]}}