{"id":81399,"date":"2020-04-06T15:19:00","date_gmt":"2020-04-06T19:19:00","guid":{"rendered":"https:\/\/linitiative.ca\/International\/m-abderrahmane-benbouzid-le-scanner-thoracique-comme-alternative-pour-le-depistage\/"},"modified":"2020-04-06T15:19:00","modified_gmt":"2020-04-06T19:19:00","slug":"m-abderrahmane-benbouzid-le-scanner-thoracique-comme-alternative-pour-le-depistage","status":"publish","type":"post","link":"https:\/\/linitiative.ca\/International\/m-abderrahmane-benbouzid-le-scanner-thoracique-comme-alternative-pour-le-depistage\/","title":{"rendered":"M. Abderrahmane Benbouzid : Le scanner thoracique comme alternative pour le d\u00e9pistage"},"content":{"rendered":"<p><strong>Le ministre de la Sant\u00e9, de la Population et de la R\u00e9forme hospitali\u00e8re, Abderrahmane Benbouzid, a donn\u00e9, dimanche dernier \u00e0 Alger, son accord aux sp\u00e9cialistes pour l\u2019utilisation du scanner thoracique comme alternative pour le d\u00e9pistage du Covid-19 afin que le traitement \u00e0 la chloroquine puisse \u00eatre administr\u00e9 rapidement et \u00e9viter ainsi la d\u00e9t\u00e9rioration de l\u2019\u00e9tat du patient et la propagation de l\u2019\u00e9pid\u00e9mie.<\/strong><\/p>\n<p>Le ministre a pr\u00e9cis\u00e9, devant les membres de la cellule de crise install\u00e9e par l\u2019Etablissement hospitalo-universitaire (EHU) Mustapha-Pacha, que si beaucoup de patients arrivent aux services hospitaliers avec l\u2019augmentation attendue du nombre de cas dans les prochains jours, \u00abil convient de recourir au scanner thoracique pour le diagnostic des atteintes pulmonaires dues au nouveau coronavirus afin que le traitement \u00e0 la chloroquine puisse \u00eatre administr\u00e9 rapidement aux patients avant la d\u00e9t\u00e9rioration de leur \u00e9tat et la propagation de l\u2019\u00e9pid\u00e9mie\u00bb.<br \/>Certaines cliniques priv\u00e9es d\u2019imagerie m\u00e9dicale \u00abse tiennent pr\u00eates \u00e0 offrir leurs services si les h\u00f4pitaux sont submerg\u00e9s\u00bb, a dit M. Benbouzid.<br \/>Selon le chef du service d\u2019imagerie \u00e0 l\u2019EHU Mustapha-Pacha, Pr Chafaa Aimeur, \u00able scanner peut se faire en quelques secondes et \u00eatre interpr\u00e9t\u00e9 en quelques minutes ce qui permet d\u2019administrer le traitement rapidement et de placer le patient sous surveillance m\u00e9dicale directement au lieu d\u2019attendre 24 heures pour obtenir les r\u00e9sultats du d\u00e9pistage par PCR\u00bb.<br \/>De son c\u00f4t\u00e9, le directeur des activit\u00e9s m\u00e9dicales et param\u00e9dicales \u00e0 l\u2019EHU Mustapha-Pacha, le Pr. Mohamed Belhadj, est revenu sur les mesures pr\u00e9ventives et les pr\u00e9cautions prises par l\u2019\u00e9tablissement, notamment l\u2019installation d\u2019une cellule de crise et l\u2019organisation de l\u2019orientation des patients entre les services mobilis\u00e9s, pr\u00e9cisant que l\u2019h\u00f4pital recevait entre 10 et 15 cas par jour. L\u2019h\u00f4pital dispose d\u2019une capacit\u00e9 de 150 lits pouvant \u00eatre \u00e9largie, selon les besoins, aux services de m\u00e9decine interne, de pneumologie et des maladies infectieuses, a-t-il fait savoir.<br \/>Pour sa part, la Pr Samia Taghit, chef de service de pneumologie a insist\u00e9 sur \u00abl\u2019imp\u00e9ratif de prot\u00e9ger les personnels de la sant\u00e9 publique qui veillent, jour et nuit, \u00e0 la prise en charge des malades\u00bb.<br \/>Pour le Pr Noureddine Smail, chef de service \u00e9pid\u00e9miologie \u00abil est imp\u00e9ratif de communiquer les chiffres r\u00e9els sur les cas atteints et les d\u00e9c\u00e8s, en d\u00e9pit du fait qu\u2019il est impossible de s\u2019assurer que certains cas de d\u00e9c\u00e8s \u00e9taient porteurs du virus que si les proches de la personne d\u00e9c\u00e9d\u00e9e \u00e0 l\u2019h\u00f4pital affirment qu\u2019avant d\u2019avoir effectu\u00e9 les analyses, que le malade souffrait d\u2019une tr\u00e8s forte fi\u00e8vre et d\u2019autres sympt\u00f4mes, ce qui permet de porter le cas sur la liste des personnes atteintes\u00bb. Le directeur de l\u2019Etablissement, Abdessalem Benana a assur\u00e9, quant \u00e0 lui, de \u00abla disponibilit\u00e9 d\u2019un stock suffisant de tests de d\u00e9pistage du coronavirus, ce qui all\u00e9gera la pression sur l\u2019Institut Pasteur et permettra de prendre en charge les personnels de la sant\u00e9 au niveau de l\u2019Etablissement\u00bb.<br \/>\u00abSi la situation vient \u00e0 s\u2019aggraver, il sera fait appel \u00e0 certaines cliniques priv\u00e9es pour l\u2019hospitalisation des cas complexes, notamment celles disposant de respirateurs artificiels\u00bb, avait d\u00e9clar\u00e9 le ministre de la Sant\u00e9.<\/p>\n<p>&#8212;&#8212;&#8212;&#8212;&#8212;&#8212;&#8212;&#8212;&#8212;&#8211;<\/p>\n<p><strong>300.000 bo\u00eetes de chloroquine disponibles<\/strong><\/p>\n<p>Le ministre de la Sant\u00e9, de la Population et de la R\u00e9forme hospitali\u00e8re, le Professeur Abderrahmane Benbouzid, a fait \u00e9tat, dimanche dernier \u00e0 Alger, de la disponibilit\u00e9 de 300.000 bo\u00eetes du m\u00e9dicament \u00abChloroquine\u00bb et de 500.000 bo\u00eetes de l&rsquo;antibiotique \u00abAzythromycine\u00bb destin\u00e9s au traitement des patients atteints du Covid-19.<br \/>La Pharmacie centrale des h\u00f4pitaux (PCH) dispose d&rsquo;un stock de 300.000 bo\u00eetes du m\u00e9dicament \u00abchloroquine\u00bb et de 500.000 bo\u00eetes de l\u2019antibiotique \u00abazythromycine\u00bb destin\u00e9s au traitement des malades atteints du Covid-19, a indiqu\u00e9 le ministre devant les membres de la cellule de crise install\u00e9e par l\u2019Etablissement hospitalo-universitaire (EPH) Mustapha-Pacha.<br \/>\u00a0Rassurant les citoyens quant \u00e0 la disponibilit\u00e9 de ces deux m\u00e9dicaments, le Professeur Benbouzid a rappel\u00e9 que \u00able meilleur traitement efficace est d\u2019observer les mesures pr\u00e9ventives auxquelles ont appel\u00e9 les pouvoirs publics, notamment le respect du confinement\u00bb.<br \/>A rappeler que jusqu\u2019\u00e0 samedi dernier, d\u2019apr\u00e8s le dernier bilan quotidien du Comit\u00e9 scientifique de suivi de l&rsquo;\u00e9volution de la pand\u00e9mie du Coronavirus, le traitement \u00e0 \u00abla chloroquine et l\u2019azithromcycine\u00bb a \u00e9t\u00e9 prescrit \u00e0 plus de 600 patients dans les diff\u00e9rents \u00e9tablissements hospitaliers et a donn\u00e9 des r\u00e9sultats satisfaisants, permettant la gu\u00e9rison de plusieurs malades, dans l\u2019attente de l\u2019\u00e9laboration d\u2019une \u00e9tude nationale pr\u00e9cise par les experts.<\/p>\n<p>Auteur: elmoudjahid<br \/>\n<a href=\"http:\/\/www.elmoudjahid.com\/fr\/actualites\/150958\">Cliquez ici pour lire l&rsquo;article depuis sa source.<\/a><\/p>\n","protected":false},"excerpt":{"rendered":"<p>Le ministre de la Sant\u00e9, de la Population et de la R\u00e9forme hospitali\u00e8re, Abderrahmane Benbouzid, a donn\u00e9, dimanche dernier \u00e0 Alger, son accord aux sp\u00e9cialistes pour l\u2019utilisation du scanner thoracique comme alternative pour le d\u00e9pistage du Covid-19 afin que le traitement \u00e0 la chloroquine puisse \u00eatre administr\u00e9 rapidement et \u00e9viter ainsi la d\u00e9t\u00e9rioration de l\u2019\u00e9tat [&hellip;]<\/p>\n","protected":false},"author":1744,"featured_media":0,"comment_status":"closed","ping_status":"closed","sticky":false,"template":"","format":"standard","meta":{"fifu_image_url":"","fifu_image_alt":"","footnotes":""},"categories":[73,53],"tags":[],"class_list":["post-81399","post","type-post","status-publish","format-standard","hentry","category-actualite","category-algerie"],"_links":{"self":[{"href":"https:\/\/linitiative.ca\/International\/wp-json\/wp\/v2\/posts\/81399","targetHints":{"allow":["GET"]}}],"collection":[{"href":"https:\/\/linitiative.ca\/International\/wp-json\/wp\/v2\/posts"}],"about":[{"href":"https:\/\/linitiative.ca\/International\/wp-json\/wp\/v2\/types\/post"}],"author":[{"embeddable":true,"href":"https:\/\/linitiative.ca\/International\/wp-json\/wp\/v2\/users\/1744"}],"replies":[{"embeddable":true,"href":"https:\/\/linitiative.ca\/International\/wp-json\/wp\/v2\/comments?post=81399"}],"version-history":[{"count":0,"href":"https:\/\/linitiative.ca\/International\/wp-json\/wp\/v2\/posts\/81399\/revisions"}],"wp:attachment":[{"href":"https:\/\/linitiative.ca\/International\/wp-json\/wp\/v2\/media?parent=81399"}],"wp:term":[{"taxonomy":"category","embeddable":true,"href":"https:\/\/linitiative.ca\/International\/wp-json\/wp\/v2\/categories?post=81399"},{"taxonomy":"post_tag","embeddable":true,"href":"https:\/\/linitiative.ca\/International\/wp-json\/wp\/v2\/tags?post=81399"}],"curies":[{"name":"wp","href":"https:\/\/api.w.org\/{rel}","templated":true}]}}