{"id":81401,"date":"2020-04-06T15:19:06","date_gmt":"2020-04-06T19:19:06","guid":{"rendered":"https:\/\/linitiative.ca\/International\/anep-m-larbi-ounoughi-installe-dans-ses-fonctions-de-p-dg\/"},"modified":"2020-04-06T15:19:06","modified_gmt":"2020-04-06T19:19:06","slug":"anep-m-larbi-ounoughi-installe-dans-ses-fonctions-de-p-dg","status":"publish","type":"post","link":"https:\/\/linitiative.ca\/International\/anep-m-larbi-ounoughi-installe-dans-ses-fonctions-de-p-dg\/","title":{"rendered":"ANEP :  M. Larbi Ounoughi install\u00e9 dans  ses fonctions  de P-dg"},"content":{"rendered":"<p>Le nouveau Pr\u00e9sident-directeur g\u00e9n\u00e9ral (P-dg) de l&rsquo;Agence nationale d&rsquo;\u00e9dition et de publicit\u00e9 (ANEP), Larbi Ounoughi, a \u00e9t\u00e9 install\u00e9, hier \u00e0 Alger, dans ses nouvelles fonctions, en remplacement de Mme Assia Baz, dont il a \u00e9t\u00e9 mis fin aux fonctions de Directrice g\u00e9n\u00e9rale par int\u00e9rim.<br \/>La c\u00e9r\u00e9monie d&rsquo;installation s&rsquo;est d\u00e9roul\u00e9e au si\u00e8ge du minist\u00e8re de la Communication en pr\u00e9sence du ministre de la Communication, Porte-parole du gouvernement, Ammar Belhimer.<br \/>Apr\u00e8s avoir f\u00e9licit\u00e9 le nouveau P-dg de l&rsquo;ANEP, M. Belhimer a r\u00e9it\u00e9r\u00e9 l\u2019engagement qu&rsquo;il a pris depuis son arriv\u00e9e d\u2019engager une refonte globale du syst\u00e8me d\u2019information et d\u2019organiser 10 ateliers pour l&rsquo;examen des diff\u00e9rents aspects, dans le cadre du partenariat et du dialogue permanent avec la corporation de la presse en Alg\u00e9rie.<br \/>Des ateliers seront d\u00e9di\u00e9s \u00e0 la mise en place d&rsquo;un cadre juridique pour les activit\u00e9s de la presse \u00e9lectronique, l&rsquo;\u00e9dition et la publicit\u00e9, les cha\u00eenes de t\u00e9l\u00e9vision priv\u00e9es et l&rsquo;activit\u00e9 publicitaire.<br \/>De son c\u00f4t\u00e9, M. Ounoughi a indiqu\u00e9 qu\u2019il \u00abs\u2019attellera \u00e0 relever le d\u00e9fi et \u00e0 \u0153uvrer avec c\u00e9l\u00e9rit\u00e9 \u00e0 l\u2019accomplissement de la mission qui lui est confi\u00e9e, \u00e0 savoir l\u2019assainissement du secteur des forces ill\u00e9gales\u00bb en coordination avec la famille du secteur, appelant toutes les parties \u00e0 \u00abla solidarit\u00e9 absolue pour atteindre cet<br \/>objectif\u00bb.<br \/>M. Ounoughi avait occup\u00e9 le poste de conseiller aupr\u00e8s du minist\u00e8re de la Communication. Il avait occup\u00e9 plusieurs postes de responsabilit\u00e9 dans la presse nationale.<\/p>\n<p>Auteur: elmoudjahid<br \/>\n<a href=\"http:\/\/www.elmoudjahid.com\/fr\/actualites\/150960\">Cliquez ici pour lire l&rsquo;article depuis sa source.<\/a><\/p>\n","protected":false},"excerpt":{"rendered":"<p>Le nouveau Pr\u00e9sident-directeur g\u00e9n\u00e9ral (P-dg) de l&rsquo;Agence nationale d&rsquo;\u00e9dition et de publicit\u00e9 (ANEP), Larbi Ounoughi, a \u00e9t\u00e9 install\u00e9, hier \u00e0 Alger, dans ses nouvelles fonctions, en remplacement de Mme Assia Baz, dont il a \u00e9t\u00e9 mis fin aux fonctions de Directrice g\u00e9n\u00e9rale par int\u00e9rim.La c\u00e9r\u00e9monie d&rsquo;installation s&rsquo;est d\u00e9roul\u00e9e au si\u00e8ge du minist\u00e8re de la Communication [&hellip;]<\/p>\n","protected":false},"author":1744,"featured_media":0,"comment_status":"closed","ping_status":"closed","sticky":false,"template":"","format":"standard","meta":{"fifu_image_url":"","fifu_image_alt":"","footnotes":""},"categories":[73,53],"tags":[],"class_list":["post-81401","post","type-post","status-publish","format-standard","hentry","category-actualite","category-algerie"],"_links":{"self":[{"href":"https:\/\/linitiative.ca\/International\/wp-json\/wp\/v2\/posts\/81401","targetHints":{"allow":["GET"]}}],"collection":[{"href":"https:\/\/linitiative.ca\/International\/wp-json\/wp\/v2\/posts"}],"about":[{"href":"https:\/\/linitiative.ca\/International\/wp-json\/wp\/v2\/types\/post"}],"author":[{"embeddable":true,"href":"https:\/\/linitiative.ca\/International\/wp-json\/wp\/v2\/users\/1744"}],"replies":[{"embeddable":true,"href":"https:\/\/linitiative.ca\/International\/wp-json\/wp\/v2\/comments?post=81401"}],"version-history":[{"count":0,"href":"https:\/\/linitiative.ca\/International\/wp-json\/wp\/v2\/posts\/81401\/revisions"}],"wp:attachment":[{"href":"https:\/\/linitiative.ca\/International\/wp-json\/wp\/v2\/media?parent=81401"}],"wp:term":[{"taxonomy":"category","embeddable":true,"href":"https:\/\/linitiative.ca\/International\/wp-json\/wp\/v2\/categories?post=81401"},{"taxonomy":"post_tag","embeddable":true,"href":"https:\/\/linitiative.ca\/International\/wp-json\/wp\/v2\/tags?post=81401"}],"curies":[{"name":"wp","href":"https:\/\/api.w.org\/{rel}","templated":true}]}}