{"id":81402,"date":"2020-04-06T15:19:09","date_gmt":"2020-04-06T19:19:09","guid":{"rendered":"https:\/\/linitiative.ca\/International\/m-bensalah-fait-don-dun-mois-de-son-salaire\/"},"modified":"2020-04-06T15:19:09","modified_gmt":"2020-04-06T19:19:09","slug":"m-bensalah-fait-don-dun-mois-de-son-salaire","status":"publish","type":"post","link":"https:\/\/linitiative.ca\/International\/m-bensalah-fait-don-dun-mois-de-son-salaire\/","title":{"rendered":"M. Bensalah fait don d&rsquo;un mois de son salaire"},"content":{"rendered":"<p>L&rsquo;ex-chef de l&rsquo;Etat, Abdelkader Bensalah, a annonc\u00e9, hier, qu&rsquo;il faisait don d&rsquo;un mois de son salaire mensuel en contribution \u00e0 l&rsquo;\u00e9lan national face \u00e0 la propagation du nouveau coronavirus. Dans un communiqu\u00e9, M. Bensalah a d\u00e9clar\u00e9 : \u00abEn cette conjoncture difficile et exceptionnelle qui exige mobilisation et strict respect des mesures pr\u00e9ventives, nous avons besoin de la solidarit\u00e9 nationale connue du peuple alg\u00e9rien, et en signe de modeste contribution personnelle \u00e0 l\u2019\u00e9lan national face \u00e0 la propagation de la pand\u00e9mie, je fais don d&rsquo;un mois de salaire pour le compte ouvert \u00e0 cet effet.\u00bb\u00a0<\/p>\n<div class=\"ModliArtilUne\">\n<ul>\n<li><strong>Publi\u00e9 dans :<\/strong><\/li>\n<\/ul>\n<\/div>\n<div class=\"MbComIns\" id=\"newcom\" readability=\"5.69402985075\">\n<h6>DONNEZ VOTRE AVIS<\/h6>\n<p>Il n&rsquo;y a actuellement aucune r\u00e9action \u00e0 cette information. Soyez le premier \u00e0 r\u00e9agir !<\/p>\n<p><a href=\"\" rel=\"#popup\" class=\"login resetbutton\">Identifiez-vous<\/a><a class=\"button\" href=\"http:\/\/www.elmoudjahid.com\/fr\/inscription\/\"><span>S&rsquo;inscrire<\/span><\/a><\/p>\n<\/div>\n<p>Auteur: elmoudjahid<br \/>\n<a href=\"http:\/\/www.elmoudjahid.com\/fr\/actualites\/150961\">Cliquez ici pour lire l&rsquo;article depuis sa source.<\/a><\/p>\n","protected":false},"excerpt":{"rendered":"<p>L&rsquo;ex-chef de l&rsquo;Etat, Abdelkader Bensalah, a annonc\u00e9, hier, qu&rsquo;il faisait don d&rsquo;un mois de son salaire mensuel en contribution \u00e0 l&rsquo;\u00e9lan national face \u00e0 la propagation du nouveau coronavirus. Dans un communiqu\u00e9, M. Bensalah a d\u00e9clar\u00e9 : \u00abEn cette conjoncture difficile et exceptionnelle qui exige mobilisation et strict respect des mesures pr\u00e9ventives, nous avons besoin [&hellip;]<\/p>\n","protected":false},"author":1744,"featured_media":0,"comment_status":"closed","ping_status":"closed","sticky":false,"template":"","format":"standard","meta":{"fifu_image_url":"","fifu_image_alt":"","footnotes":""},"categories":[73,53],"tags":[],"class_list":["post-81402","post","type-post","status-publish","format-standard","hentry","category-actualite","category-algerie"],"_links":{"self":[{"href":"https:\/\/linitiative.ca\/International\/wp-json\/wp\/v2\/posts\/81402","targetHints":{"allow":["GET"]}}],"collection":[{"href":"https:\/\/linitiative.ca\/International\/wp-json\/wp\/v2\/posts"}],"about":[{"href":"https:\/\/linitiative.ca\/International\/wp-json\/wp\/v2\/types\/post"}],"author":[{"embeddable":true,"href":"https:\/\/linitiative.ca\/International\/wp-json\/wp\/v2\/users\/1744"}],"replies":[{"embeddable":true,"href":"https:\/\/linitiative.ca\/International\/wp-json\/wp\/v2\/comments?post=81402"}],"version-history":[{"count":0,"href":"https:\/\/linitiative.ca\/International\/wp-json\/wp\/v2\/posts\/81402\/revisions"}],"wp:attachment":[{"href":"https:\/\/linitiative.ca\/International\/wp-json\/wp\/v2\/media?parent=81402"}],"wp:term":[{"taxonomy":"category","embeddable":true,"href":"https:\/\/linitiative.ca\/International\/wp-json\/wp\/v2\/categories?post=81402"},{"taxonomy":"post_tag","embeddable":true,"href":"https:\/\/linitiative.ca\/International\/wp-json\/wp\/v2\/tags?post=81402"}],"curies":[{"name":"wp","href":"https:\/\/api.w.org\/{rel}","templated":true}]}}