{"id":81413,"date":"2020-04-06T15:50:00","date_gmt":"2020-04-06T19:50:00","guid":{"rendered":"https:\/\/linitiative.ca\/International\/coronavirus-du-bon-usage-du-confinement\/"},"modified":"2020-04-06T15:50:00","modified_gmt":"2020-04-06T19:50:00","slug":"coronavirus-du-bon-usage-du-confinement","status":"publish","type":"post","link":"https:\/\/linitiative.ca\/International\/coronavirus-du-bon-usage-du-confinement\/","title":{"rendered":"Coronavirus: du bon usage du confinement"},"content":{"rendered":"<p class=\"c3\"><span class=\"c2\"><strong><img decoding=\"async\" src=\"\/uploads\/FCK_files\/Mongi-Ben-Raies(2)(1).jpg\" width=\"30%\" vspace=\"5\" hspace=\"5\" align=\"right\" alt=\"\"\/>L\u2019\u00e9ducation comme l\u2019enseignement, boulevers\u00e9s, mais innovants;<\/strong><\/span> Les concours nationaux auront-t-ils bien lieu ? Baccalaur\u00e9at, neuvi\u00e8me et sixi\u00e8me, c\u2019est la main sur le coeur que les parents s\u2019interrogent sur ce qui va advenir. Pour l\u2019instant, m\u00eame dans les sc\u00e9narios les plus pessimistes, il est dit que le Bac se d\u00e9roulera bien, que ce soit en juillet ou en ao\u00fbt. Les \u00e9tablissements d\u2019\u00e9ducation, qui ont tr\u00e8s t\u00f4t annonc\u00e9 leur fermeture au public, ont du mal \u00e0 se projeter et s\u2019inqui\u00e8tent de leurs affaires. Avec la crise sanitaire, les \u00e9coles et les universit\u00e9s utilisent de plus en plus les sites et connexions en ligne destin\u00e9es \u00e0 la consultation, pour communiquer. Procurent-ils une exp\u00e9rience satisfaisante ? Ils sont indispensables, mais ne remplacent en aucun cas la rencontre des enseignants avec l\u2019\u00e9l\u00e8ve et\/ou l\u2019\u00e9tudiant. Ils servent surtout \u00e0 ce que les usagers se documentent avant de venir en pr\u00e9sence, lorsque cela sera possible. Les effets \u00e0 court et \u00e0 long termes sur le niveau sont incertains.<\/p>\n<p class=\"c3\"><span class=\"c2\"><strong>Il est tr\u00e8s difficile d\u2019avoir des r\u00e9ponses\u2026<\/strong><\/span> Il semblerait que ces \u201cviewing rooms\u201d donnent de bons r\u00e9sultats pr\u00e9liminaires pour les grandes institutions, mais, comme toute la soci\u00e9t\u00e9 mondiale, le march\u00e9 de l\u2019\u00e9ducation sera ralenti. Apr\u00e8s cette p\u00e9riode tr\u00e8s difficile \u00e0 traverser, nous pensons qu\u2019il y aura un tr\u00e8s grand plaisir \u00e0 se retrouver autour de la culture qui nous unit. Dans l\u2019imm\u00e9diat, les institutions se conforment, aux mesures d\u2019\u00e9loignement et en m\u00eame temps cherchent \u00e0 prolonger leur r\u00f4le de lien social. Mais la sid\u00e9ration prend le pas. Tout a bascul\u00e9 en quelques minutes avec la prise de parole univoque des dirigeants de ce monde, demandant la fermeture des \u00e9coles et universit\u00e9s, et que tous restent chez eux, une premi\u00e8re dans l\u2019histoire. En quelques heures, nous avons d\u00fb mettre en oeuvre la fermeture de milliers d\u2019\u00e9tablissements d\u2019\u00e9ducation.<\/p>\n<p class=\"c3\"><span class=\"c2\"><strong>Aujourd\u2019hui, entre \u00e9tablissements ferm\u00e9s et programmes arr\u00eat\u00e9s,<\/strong><\/span> impossible de savoir combien de temps le black-out va se poursuivre, ni m\u00eame la somme des pertes occasionn\u00e9es dans le secteur. Seule \u00e9vidence, une baisse possible et probable de la fr\u00e9quentation, le temps de remettre la machine en route et de r\u00e9agencer un calendrier aujourd\u2019hui en lambeaux. Mais, surtout, il faudra quelques symboles forts pour faire revenir rapidement les gens \u00e0 de bonnes dispositions, une fois la crise pass\u00e9e. Sera-t-elle imm\u00e9diate ou progressive ? On ne le sait pas et c\u2019est le coeur des r\u00e9flexions actuellement. Ce serait en quelque sorte le symbole du premier jour du reste de notre vie. Les institutions de l\u2019Etat sont plong\u00e9es dans un flou impressionniste duquel elles ont du mal \u00e0 \u00e9merger.<\/p>\n<p class=\"c3\"><span class=\"c2\"><strong>De ce point de vue, il est notable et \u00e9vident que le Chef de l\u2019Etat a manqu\u00e9 l\u2019occasion de se rapprocher r\u00e9ellement de la population d\u2019un point de vue moral.<\/strong><\/span> Dans ces temps d\u2019adversit\u00e9, il aurait \u00e9t\u00e9 de bon aloi qu\u2019il apparaisse aux Tunisiens lors d\u2019une intervention t\u00e9l\u00e9vis\u00e9e pour les encourager \u00e0 faire front avec d\u00e9termination contre la pand\u00e9mie meurtri\u00e8re de coronavirus, pour les rassurer et leur assurer qu\u2019ils finiraient par vaincre ; t\u00e9moigner de sa conscience de la gravit\u00e9 de la crise et de sa r\u00e9elle solidarit\u00e9 et non celle officielle et politique. S\u2019adresser directement \u00e0 la population pour les stimuler et les inciter \u00e0 faire preuve de r\u00e9silience face \u00e0 la maladie, qui a d\u00e9j\u00e0 beaucoup tu\u00e9 dans le pays, comme dans le monde. Un moment de temps qui est de plus en plus difficile, une p\u00e9riode de chamboulement dans la vie de la Tunisie, un bouleversement qui a caus\u00e9 du chagrin \u00e0 certains, entra\u00een\u00e9 des difficult\u00e9s sociales, familiales et financi\u00e8res pour beaucoup, et d\u2019\u00e9normes changements dans la vie quotidienne de tous.<\/p>\n<p class=\"c3\"><span class=\"c2\"><strong>Il aurait d\u00fb descendre de la Tour d\u2019Ivoire et se pencher sur le peuple, lui communiquer de la chaleur humaine;<\/strong><\/span> remercier personnellement et en toute humilit\u00e9, tous ceux de la soci\u00e9t\u00e9 qui se trouvent en premi\u00e8re ligne, ainsi que les travailleurs sociaux et les personnes qui jouent un r\u00f4le essentiel, qui poursuivent, d\u00e9nu\u00e9s de tout \u00e9go\u00efsme, leurs t\u00e2ches quotidiennes, hors de leur foyer, pour nous soutenir tous. Faire preuve de ce paternalisme indispensable \u00e0 tout gouvernant. Se joindre \u00e0 la Nation pour leur garantir que ce qu\u2019ils font est appr\u00e9ci\u00e9, et que chaque heure de leur dur labeur nous rapproche d\u2019un retour \u00e0 des temps plus normaux.<\/p>\n<p class=\"c3\"><span class=\"c2\"><strong>Remercier \u00e9galement ceux qui restent \u00e0 la maison,<\/strong><\/span> contribuant ainsi \u00e0 prot\u00e9ger les personnes vuln\u00e9rables, et \u00e9pargnant \u00e0 de nombreuses familles la douleur d\u00e9j\u00e0 ressentie par ceux qui ont perdu des proches. Il aurait pu t\u00e9moigner de sa fiert\u00e9 de ce que nous sommes ; que ces attributs ne font pas partie de notre pass\u00e9, mais d\u00e9finissent notre pr\u00e9sent et notre avenir. Le moment o\u00f9 la Nation s\u2019est r\u00e9unie pour applaudir ses soignants et ses travailleurs essentiels, moment qui restera dans les m\u00e9moires comme une expression de notre esprit civique sup\u00e9rieur. Au lieu de cela, nous n\u2019avons eu droit qu\u2019\u00e0 des ordres martiaux, des menaces de sanctions p\u00e9nales et surtout un sentiment de bipartition de la Tunisie, avec deux mondes, celui de l\u2019Etat avec son Chef et son gouvernement dirig\u00e9 par un premier ministre qui fait bien attention de se distancer de la population et qui commande, et le monde du commun en masse non individualis\u00e9 qui est g\u00e9r\u00e9 en bloc.<\/p>\n<p class=\"c3\"><span class=\"c2\"><strong>Si l\u2019isolement peut parfois \u00eatre une souffrance, nombreux sont ceux, de toutes les confessions, de toutes les croyances et de toutes les religions<\/strong><\/span><span class=\"c2\"><strong>,<\/strong><\/span> qui d\u00e9couvrent qu\u2019il offre aussi une occasion de ralentir, de s\u2019arr\u00eater et de r\u00e9fl\u00e9chir sur le futur. Aujourd\u2019hui certes, beaucoup ressentiront un douloureux sentiment de s\u00e9paration d\u2019avec leurs proches. Mais nous savons, au fond de nous, que c\u2019est la bonne chose \u00e0 faire, pas parce que cela a \u00e9t\u00e9 command\u00e9, mais parce que c\u2019est dict\u00e9 par le bon sens. Si nous avons d\u00e9j\u00e0 \u00e9t\u00e9 confront\u00e9s \u00e0 des d\u00e9fis par le pass\u00e9, celui-ci est notablement diff\u00e9rent, car nous nous joignons \u00e0 toutes les nations du monde dans une entreprise commune, en utilisant les moyens de notre science, de notre technologie et notre compassion instinctive pour aider ceux qui ont besoin de nous. Nous devons et allons r\u00e9ussir et ce succ\u00e8s appartiendra \u00e0 chacun d\u2019entre nous, m\u00eame s\u2019il nous reste encore beaucoup \u00e0 endurer. Des jours meilleurs reviendront et nous serons \u00e0 nouveau avec nos amis, nous serons \u00e0 nouveau avec nos familles, nous nous retrouverons, dans un monde am\u00e9lior\u00e9.<\/p>\n<p class=\"c3\"><span class=\"c2\"><strong>On s\u2019y reprend \u00e0 deux fois avec les technologies.<\/strong><\/span> \u00c7a ne veut pas parfois. D\u2019abord, ce confinement qui emp\u00eache de se voir, en vrai, en personne. Qu\u2019importe, on s\u2019appelle, simplement. Remettre \u00e0 plus tard les yeux dans les yeux et se concentrer sur les voix. Parler assez longtemps pour conjurer le sort. On est ou n\u2019est pas interrompus ; on est bien, c\u2019est bien. Mais il faut raccrocher. Et puis rien, sinon un grand silence. La technologie, cette fausse amie parfois tra\u00eetresse, qui nous abandonne en cours de route, p\u00e2les victimes d\u2019incidents de connexion. Troisi\u00e8me semaine de confinement national pour cause d\u2019\u00e9tat d\u2019urgence sanitaire, ce n\u2019est pas l\u2019id\u00e9al pour les rapports humains. Et pourtant\u2026 Seuls, isol\u00e9s, enferm\u00e9s avec soi-m\u00eame, ne pas se donner d\u2019autre choix que de se regarder en face, devoir laisser faire, laisser venir l\u2019inspiration, et les mots, parfois maladroits, parfois d\u00e9rangeants, souvent cathartiques.<\/p>\n<p class=\"c3\"><span class=\"c2\"><strong>Cette histoire serait un hasard ?<\/strong><\/span> Beaucoup n\u2019y croient pas et ne peuvent s\u2019emp\u00eacher d\u2019y voir un signe. Sans vraiment l\u2019expliquer, sans chercher \u00e0 comprendre \u00e0 tout prix. Ils nous racontent que depuis le d\u00e9but, les obstacles s\u2019encha\u00eenent \u00e0 cause des gr\u00e8ves puis l\u2019\u00e9pid\u00e9mie. Certains diront que c\u2019\u00e9tait \u00e9crit, que c\u2019\u00e9tait le destin, un chemin parall\u00e8le, solitaire, in\u00e9dit. Outre le sens de l\u2019humour un peu particulier de ce calendrier, ce qui nous frappe \u00e9videmment, c\u2019est, quelque part, notre compl\u00e9mentarit\u00e9 avec les autres, d\u2019ici et d\u2019ailleurs ; nous pouvons \u00eatre plus contemplatifs peut-\u00eatre, plus \u00e9parpill\u00e9s parfois, et l\u2019autre est un ancrage. La vie nous dit que le Yin sans le Yang, \u00e7a n\u2019existe pas, qu\u2019on est tous \u00e0 la recherche de cet \u00e9quilibre. Cette situation \u00e9veille cette pulsion, jamais oubli\u00e9e, cet instinct, ce besoin de n\u2019\u00eatre que soi, sans personne qui polisse les angles, qui arrange, qui remette d\u2019\u00e9querre.<\/p>\n<p class=\"c3\"><span class=\"c2\"><strong>Des sensations ne pouvant na\u00eetre que la nuit, tant elles sont intimes, profondes, tant elles appellent autour d\u2019elles silence et introspection.<\/strong><\/span> Plus tard, des voix pour s\u2019harmoniser et apporter ce petit quelque chose qui touche au sacr\u00e9, cette r\u00e9sonance, cette spiritualit\u00e9 transcendante. Bien au-del\u00e0 du religieux, cette situation nous fait croire \u00e0 ce qui ne se voit pas, ne s\u2019entend pas, mais se manifeste, limpide, incontournable. Elle nous raconte le l\u00e2cher-prise, l\u2019abandon, des \u00e9v\u00e8nements sans filet, tous nus, tous crus, sinc\u00e8res, brutes, presque plus accept\u00e9s que choisis. Si la p\u00e9riode est sombre, nous ne devons pas c\u00e9der \u00e0 cette impression et y entendre de la lumi\u00e8re, lorsque l\u2019on ne peut la voir, et m\u00eame si cela ne se dit pas, tant pis. \u00c9videmment, chaque r\u00e9action sera diff\u00e9rente, selon la personne, selon le moment, l\u2019endroit, l\u2019humeur. L\u2019une r\u00e9clame des paroles tristes, l\u2019autre ne les supporte pas et impose le silence, tout de suite. Mais tous mettent leur \u00e2me dans des textes, dans des discours, dans des musiques, dans des personnes et si le but n\u2019est pas particuli\u00e8rement de provoquer la m\u00e9lancolie, nous savons que peut-\u00eatre, ce sera le cas. Aujourd\u2019hui les mots ne nous appartiennent plus. L\u2019interpr\u00e9tation, le ressenti, l\u2019impalpable, l\u2019insondable, sont aux commandes maintenant. Nous, on ne per\u00e7oit pas de noirceur dans ce qui nous frappe, pas de pessimisme, bien au contraire. On \u00e9coute, attentifs aux textes et \u00e0 la voix cristalline qui leur donne corps, et on entend plus de froideur, de menaces et des annonces morbides, qu\u2019autre chose. On aurait aim\u00e9 plus de douceur, des invites \u00e0 la bienveillance, envers soi-m\u00eame et les autres, avant tout, plus que jamais. A ne pas nous juger trop s\u00e9v\u00e8rement, \u00e0 croire en nous, que nous pouvons endurer, que l\u2019on peut se relever, \u00e0 s\u2019arr\u00eater sur le beau, sur ce qu\u2019on a plut\u00f4t que ce que l\u2019on n\u2019a pas, sur ce que l\u2019on a eu la chance d\u2019apprendre, de comprendre, sur toutes les petites aventures qui nous attendent.<\/p>\n<p class=\"c3\"><span class=\"c2\"><strong>Dans ces temps difficiles, la maternit\u00e9 c\u00f4toie le deuil, les ruptures et les d\u00e9ceptions cheminent doucement vers l\u2019acceptation,<\/strong><\/span> et se racontent comme on chuchoterait des secrets. Ces histoires, notre histoire, aussi personnelles qu\u2019elles soient, sont aussi celles de tous et les mots r\u00e9sonnent loin, profond, comme cette impression, que d\u2019autres disaient des mots que nous n\u2019avions pas, ou pas encore. Cela semble un peu plus compliqu\u00e9 de se dire qu\u2019aujourd\u2019hui nous sommes la voix. Mais encore une fois, nous devons insuffler de l\u2019espoir dans notre discours. Ce tableau sombre, nous comptons sur la plus jeune g\u00e9n\u00e9ration pour l\u2019\u00e9clairer. Nous constatons avec satisfaction un refus de se contenter de l\u2019ordre \u00e9tabli, une volont\u00e9 de changement pour un mieux. Et lorsque nous discutons de fa\u00e7on informelle, de notre sortie de confinement, de ce que nous allons en faire, de cette exp\u00e9rience in\u00e9dite, nous esp\u00e9rons aussi un changement. Il est \u00e0 craindre qu\u2019il soit violent, mais c\u2019est in\u00e9vitable, et \u00e0 l\u2019arriv\u00e9e, cela pourrait aller mieux. De renaissance, de recommencement, il en est question, comme un fil rouge ; de continuer d\u2019avancer et d\u2019apprendre, au ralenti, dans nos appartements et nos maisons, dont on finira par sortir, plus riches et d\u00e9butant\u2022e\u2022s \u00e0 la fois. Ces circonstances, cette \u00e9tranget\u00e9, ces rat\u00e9es, c\u2019est peut-\u00eatre juste la vie qui nous rappelle qu\u2019on ne l\u2019a jamais aussi peu ma\u00eetris\u00e9e.<\/p>\n<p class=\"c4\"><strong>Monji Ben Raies<\/strong><br \/><em>Universitaire, Juriste,<br \/>Enseignant et chercheur en droit public et sciences politiques,<br \/>Universit\u00e9 de Tunis El Manar,<br \/>Facult\u00e9 de Droit et des Sciences politiques de Tunis.<\/em><br \/>\u00a0<\/p>\n<p>Auteur:<br \/>\n<a href=\"https:\/\/www.leaders.com.tn\/article\/29599-coronavirus-du-bon-usage-du-confinement\">Cliquez ici pour lire l&rsquo;article depuis sa source.<\/a><\/p>\n","protected":false},"excerpt":{"rendered":"<p>L\u2019\u00e9ducation comme l\u2019enseignement, boulevers\u00e9s, mais innovants; Les concours nationaux auront-t-ils bien lieu ? Baccalaur\u00e9at, neuvi\u00e8me et sixi\u00e8me, c\u2019est la main sur le coeur que les parents s\u2019interrogent sur ce qui va advenir. Pour l\u2019instant, m\u00eame dans les sc\u00e9narios les plus pessimistes, il est dit que le Bac se d\u00e9roulera bien, que ce soit en juillet [&hellip;]<\/p>\n","protected":false},"author":1772,"featured_media":81414,"comment_status":"closed","ping_status":"closed","sticky":false,"template":"","format":"standard","meta":{"fifu_image_url":"","fifu_image_alt":"","footnotes":""},"categories":[73,55],"tags":[],"class_list":["post-81413","post","type-post","status-publish","format-standard","has-post-thumbnail","hentry","category-actualite","category-tunisie"],"_links":{"self":[{"href":"https:\/\/linitiative.ca\/International\/wp-json\/wp\/v2\/posts\/81413","targetHints":{"allow":["GET"]}}],"collection":[{"href":"https:\/\/linitiative.ca\/International\/wp-json\/wp\/v2\/posts"}],"about":[{"href":"https:\/\/linitiative.ca\/International\/wp-json\/wp\/v2\/types\/post"}],"author":[{"embeddable":true,"href":"https:\/\/linitiative.ca\/International\/wp-json\/wp\/v2\/users\/1772"}],"replies":[{"embeddable":true,"href":"https:\/\/linitiative.ca\/International\/wp-json\/wp\/v2\/comments?post=81413"}],"version-history":[{"count":0,"href":"https:\/\/linitiative.ca\/International\/wp-json\/wp\/v2\/posts\/81413\/revisions"}],"wp:featuredmedia":[{"embeddable":true,"href":"https:\/\/linitiative.ca\/International\/wp-json\/"}],"wp:attachment":[{"href":"https:\/\/linitiative.ca\/International\/wp-json\/wp\/v2\/media?parent=81413"}],"wp:term":[{"taxonomy":"category","embeddable":true,"href":"https:\/\/linitiative.ca\/International\/wp-json\/wp\/v2\/categories?post=81413"},{"taxonomy":"post_tag","embeddable":true,"href":"https:\/\/linitiative.ca\/International\/wp-json\/wp\/v2\/tags?post=81413"}],"curies":[{"name":"wp","href":"https:\/\/api.w.org\/{rel}","templated":true}]}}