{"id":81415,"date":"2020-04-06T13:40:08","date_gmt":"2020-04-06T17:40:08","guid":{"rendered":"https:\/\/linitiative.ca\/International\/130-nouveaux-cas-en-24h-1120-cas-cumules-a-lundi-18h-et-81-guerisons\/"},"modified":"2020-04-06T13:40:08","modified_gmt":"2020-04-06T17:40:08","slug":"130-nouveaux-cas-en-24h-1120-cas-cumules-a-lundi-18h-et-81-guerisons","status":"publish","type":"post","link":"https:\/\/linitiative.ca\/International\/130-nouveaux-cas-en-24h-1120-cas-cumules-a-lundi-18h-et-81-guerisons\/","title":{"rendered":"130 nouveaux cas en 24H, 1120 cas cumul\u00e9s \u00e0 lundi 18H et 81 gu\u00e9risons"},"content":{"rendered":"<p><strong>Le minist\u00e8re de la Sant\u00e9 annonce 130 nouveaux cas en 24H, soit 1120 cas cumul\u00e9s ce lundi \u00e0 18H.<\/strong><\/p>\n<div class=\"c10\"\/>\n<p>Le nouveau bilan \u00e9tabli par le minist\u00e8re de la Sant\u00e9 \u00e0 18H ce lundi 6 avril montre qu\u2019il y a eu une augmentation de 130 nouveaux cas en 24H, portant le nombre total \u00e0 1120.\u00a0 Le Maroc enregistre 11 nouveaux morts, soit 80 au total, et 10 nouveaux gu\u00e9ris, soit 81 gu\u00e9risons au total.<\/p>\n<p><img decoding=\"async\" src=\"https:\/\/www.challenge.ma\/wp-content\/uploads\/2020\/04\/infographie-6-avril-21h-978x1024.jpg\" alt=\"\" class=\"wp-image-136195\" srcset=\"https:\/\/www.challenge.ma\/wp-content\/uploads\/2020\/04\/infographie-6-avril-21h-978x1024.jpg 978w, https:\/\/www.challenge.ma\/wp-content\/uploads\/2020\/04\/infographie-6-avril-21h-286x300.jpg 286w, https:\/\/www.challenge.ma\/wp-content\/uploads\/2020\/04\/infographie-6-avril-21h-768x804.jpg 768w, https:\/\/www.challenge.ma\/wp-content\/uploads\/2020\/04\/infographie-6-avril-21h-360x377.jpg 360w, https:\/\/www.challenge.ma\/wp-content\/uploads\/2020\/04\/infographie-6-avril-21h-750x786.jpg 750w\" sizes=\"(max-width: 978px) 100vw, 978px\"\/><\/p>\n<div class=\"c17\">\n<fieldset class=\"c16\">\n<legend><strong><span class=\"c11\">Challenge<\/span><span class=\"c12\">news<\/span><\/strong><\/legend>\n<div class=\"c15\">Le meilleur de Challenge s\u00e9lectionn\u00e9 par la r\u00e9daction :<\/p>\n<\/div>\n<\/fieldset>\n<\/div>\n<p>Auteur: challenge<br \/>\n<a href=\"https:\/\/www.challenge.ma\/130-nouveaux-cas-en-24h-1120-cas-cumules-a-lundi-18h-et-81-guerisons-136186\/\">Cliquez ici pour lire l&rsquo;article depuis sa source.<\/a><\/p>\n","protected":false},"excerpt":{"rendered":"<p>Le minist\u00e8re de la Sant\u00e9 annonce 130 nouveaux cas en 24H, soit 1120 cas cumul\u00e9s ce lundi \u00e0 18H. Le nouveau bilan \u00e9tabli par le minist\u00e8re de la Sant\u00e9 \u00e0 18H ce lundi 6 avril montre qu\u2019il y a eu une augmentation de 130 nouveaux cas en 24H, portant le nombre total \u00e0 1120.\u00a0 Le [&hellip;]<\/p>\n","protected":false},"author":1787,"featured_media":81416,"comment_status":"closed","ping_status":"closed","sticky":false,"template":"","format":"standard","meta":{"fifu_image_url":"","fifu_image_alt":"","footnotes":""},"categories":[78,54],"tags":[],"class_list":["post-81415","post","type-post","status-publish","format-standard","has-post-thumbnail","hentry","category-economie","category-maroc"],"_links":{"self":[{"href":"https:\/\/linitiative.ca\/International\/wp-json\/wp\/v2\/posts\/81415","targetHints":{"allow":["GET"]}}],"collection":[{"href":"https:\/\/linitiative.ca\/International\/wp-json\/wp\/v2\/posts"}],"about":[{"href":"https:\/\/linitiative.ca\/International\/wp-json\/wp\/v2\/types\/post"}],"author":[{"embeddable":true,"href":"https:\/\/linitiative.ca\/International\/wp-json\/wp\/v2\/users\/1787"}],"replies":[{"embeddable":true,"href":"https:\/\/linitiative.ca\/International\/wp-json\/wp\/v2\/comments?post=81415"}],"version-history":[{"count":0,"href":"https:\/\/linitiative.ca\/International\/wp-json\/wp\/v2\/posts\/81415\/revisions"}],"wp:featuredmedia":[{"embeddable":true,"href":"https:\/\/linitiative.ca\/International\/wp-json\/"}],"wp:attachment":[{"href":"https:\/\/linitiative.ca\/International\/wp-json\/wp\/v2\/media?parent=81415"}],"wp:term":[{"taxonomy":"category","embeddable":true,"href":"https:\/\/linitiative.ca\/International\/wp-json\/wp\/v2\/categories?post=81415"},{"taxonomy":"post_tag","embeddable":true,"href":"https:\/\/linitiative.ca\/International\/wp-json\/wp\/v2\/tags?post=81415"}],"curies":[{"name":"wp","href":"https:\/\/api.w.org\/{rel}","templated":true}]}}