{"id":81417,"date":"2020-04-06T14:00:21","date_gmt":"2020-04-06T18:00:21","guid":{"rendered":"https:\/\/linitiative.ca\/International\/nasser-assem-nouveau-president-de-la-section-maroc-de-lieee\/"},"modified":"2020-04-06T14:00:21","modified_gmt":"2020-04-06T18:00:21","slug":"nasser-assem-nouveau-president-de-la-section-maroc-de-lieee","status":"publish","type":"post","link":"https:\/\/linitiative.ca\/International\/nasser-assem-nouveau-president-de-la-section-maroc-de-lieee\/","title":{"rendered":"Nasser Assem, nouveau pr\u00e9sident de la section Maroc de l\u2019IEEE"},"content":{"rendered":"<p><strong>Nasser Assem, membre du corps professoral de l\u2019\u00c9cole des sciences et de l\u2019ing\u00e9nierie de l\u2019Universit\u00e9 Al Akhawayn \u00e0 Ifrane (AUI), vient d\u2019\u00eatre \u00e9lu pr\u00e9sident de la section Maroc de l\u2019Institut des ing\u00e9nieurs \u00e9lectriciens et \u00e9lectroniciens (IEEE).<br \/><\/strong><\/p>\n<div class=\"c10\"\/>\n<p>Le nouveau pr\u00e9sident de l\u2019<strong>IEEE Maroc<\/strong> a \u00e9t\u00e9 membre b\u00e9n\u00e9vole de l\u2019Institut pendant de nombreuses ann\u00e9es. Il a \u00e9galement occup\u00e9 le poste de vice-pr\u00e9sident de la section marocaine, depuis 2016, pour deux mandats cons\u00e9cutifs, avant d\u2019\u00eatre d\u00e9sign\u00e9 coordinateur acad\u00e9mique des programmes informatiques \u00e0 Al Akhawayn. Il a aussi supervis\u00e9 les programmes Bachelors en Computer Science, <strong>Artificial Intelligence<\/strong> and Robotization, Big Data Analytics, Cyber-Physical Systems, Cloud and Mobile Software Engineering et Computer Systems, et les programmes Master en FinTech et Digital Transformation.<\/p>\n<p>Comptant plus de 400.000 membres de toutes les nationalit\u00e9s, l\u2019IEEE est une organisation professionnelle mondiale qui \u0153uvre pour l\u2019avancement de la technologie au profit de l\u2019humanit\u00e9. Cr\u00e9\u00e9 en 1984, cet institut de renomm\u00e9e est sp\u00e9cialis\u00e9 dans le d\u00e9veloppement de la recherche et la promotion de l\u2019<strong>innovation<\/strong> et de l\u2019excellence technologique, en servant les \u00e9tudiants, les professionnels et les industriels impliqu\u00e9s dans tous les domaines de la science et de la technologie.<br \/>Notons que l\u2019IEEE Maroc, qui compte environ 400 membres, op\u00e8re de fa\u00e7on strat\u00e9gique dans la <strong>promotion de la recherche<\/strong>, le transfert de technologie et l\u2019innovation. Ses activit\u00e9s s\u2019\u00e9tendent aussi bien aux \u00e9tudiants, qu\u2019aux professionnels, entreprises et industries \u00e9tablis au Maroc et \u00e0 l\u2019\u00e9tranger.<\/p>\n<div class=\"c17\">\n<fieldset class=\"c16\">\n<legend><strong><span class=\"c11\">Challenge<\/span><span class=\"c12\">news<\/span><\/strong><\/legend>\n<div class=\"c15\">Le meilleur de Challenge s\u00e9lectionn\u00e9 par la r\u00e9daction :<\/p>\n<\/div>\n<\/fieldset>\n<\/div>\n<p>Auteur: challenge<br \/>\n<a href=\"https:\/\/www.challenge.ma\/nasser-assem-nouveau-president-de-la-section-maroc-de-lieee-136189\/\">Cliquez ici pour lire l&rsquo;article depuis sa source.<\/a><\/p>\n","protected":false},"excerpt":{"rendered":"<p>Nasser Assem, membre du corps professoral de l\u2019\u00c9cole des sciences et de l\u2019ing\u00e9nierie de l\u2019Universit\u00e9 Al Akhawayn \u00e0 Ifrane (AUI), vient d\u2019\u00eatre \u00e9lu pr\u00e9sident de la section Maroc de l\u2019Institut des ing\u00e9nieurs \u00e9lectriciens et \u00e9lectroniciens (IEEE). Le nouveau pr\u00e9sident de l\u2019IEEE Maroc a \u00e9t\u00e9 membre b\u00e9n\u00e9vole de l\u2019Institut pendant de nombreuses ann\u00e9es. Il a \u00e9galement [&hellip;]<\/p>\n","protected":false},"author":1787,"featured_media":0,"comment_status":"closed","ping_status":"closed","sticky":false,"template":"","format":"standard","meta":{"fifu_image_url":"","fifu_image_alt":"","footnotes":""},"categories":[78,54],"tags":[],"class_list":["post-81417","post","type-post","status-publish","format-standard","hentry","category-economie","category-maroc"],"_links":{"self":[{"href":"https:\/\/linitiative.ca\/International\/wp-json\/wp\/v2\/posts\/81417","targetHints":{"allow":["GET"]}}],"collection":[{"href":"https:\/\/linitiative.ca\/International\/wp-json\/wp\/v2\/posts"}],"about":[{"href":"https:\/\/linitiative.ca\/International\/wp-json\/wp\/v2\/types\/post"}],"author":[{"embeddable":true,"href":"https:\/\/linitiative.ca\/International\/wp-json\/wp\/v2\/users\/1787"}],"replies":[{"embeddable":true,"href":"https:\/\/linitiative.ca\/International\/wp-json\/wp\/v2\/comments?post=81417"}],"version-history":[{"count":0,"href":"https:\/\/linitiative.ca\/International\/wp-json\/wp\/v2\/posts\/81417\/revisions"}],"wp:attachment":[{"href":"https:\/\/linitiative.ca\/International\/wp-json\/wp\/v2\/media?parent=81417"}],"wp:term":[{"taxonomy":"category","embeddable":true,"href":"https:\/\/linitiative.ca\/International\/wp-json\/wp\/v2\/categories?post=81417"},{"taxonomy":"post_tag","embeddable":true,"href":"https:\/\/linitiative.ca\/International\/wp-json\/wp\/v2\/tags?post=81417"}],"curies":[{"name":"wp","href":"https:\/\/api.w.org\/{rel}","templated":true}]}}