{"id":81418,"date":"2020-04-06T14:33:34","date_gmt":"2020-04-06T18:33:34","guid":{"rendered":"https:\/\/linitiative.ca\/International\/le-port-du-masque-de-protection-obligatoire-des-le-mardi-7-avril\/"},"modified":"2020-04-06T14:33:34","modified_gmt":"2020-04-06T18:33:34","slug":"le-port-du-masque-de-protection-obligatoire-des-le-mardi-7-avril","status":"publish","type":"post","link":"https:\/\/linitiative.ca\/International\/le-port-du-masque-de-protection-obligatoire-des-le-mardi-7-avril\/","title":{"rendered":"Le port du masque de protection obligatoire d\u00e8s le mardi 7 avril"},"content":{"rendered":"<p>Les autorit\u00e9s publiques ont rendu obligatoire \u00e0 partir du mardi 7 avril le port des masques de protection pour les personnes munies des autorisations de d\u00e9placement d\u00e9rogatoire.<\/p>\n<div class=\"c16\">\n<fieldset class=\"c15\">\n<legend><strong><span class=\"c10\">Challenge<\/span><span class=\"c11\">news<\/span><\/strong><\/legend>\n<div class=\"c14\">Le meilleur de Challenge s\u00e9lectionn\u00e9 par la r\u00e9daction :<\/p>\n<\/div>\n<\/fieldset>\n<\/div>\n<p>Auteur: challenge<br \/>\n<a href=\"https:\/\/www.challenge.ma\/le-port-du-masque-de-protection-obligatoire-des-le-mardi-7-avril-136208\/\">Cliquez ici pour lire l&rsquo;article depuis sa source.<\/a><\/p>\n","protected":false},"excerpt":{"rendered":"<p>Les autorit\u00e9s publiques ont rendu obligatoire \u00e0 partir du mardi 7 avril le port des masques de protection pour les personnes munies des autorisations de d\u00e9placement d\u00e9rogatoire. Challengenews Le meilleur de Challenge s\u00e9lectionn\u00e9 par la r\u00e9daction : Auteur: challenge Cliquez ici pour lire l&rsquo;article depuis sa source.<\/p>\n","protected":false},"author":1787,"featured_media":0,"comment_status":"closed","ping_status":"closed","sticky":false,"template":"","format":"standard","meta":{"fifu_image_url":"","fifu_image_alt":"","footnotes":""},"categories":[78,54],"tags":[],"class_list":["post-81418","post","type-post","status-publish","format-standard","hentry","category-economie","category-maroc"],"_links":{"self":[{"href":"https:\/\/linitiative.ca\/International\/wp-json\/wp\/v2\/posts\/81418","targetHints":{"allow":["GET"]}}],"collection":[{"href":"https:\/\/linitiative.ca\/International\/wp-json\/wp\/v2\/posts"}],"about":[{"href":"https:\/\/linitiative.ca\/International\/wp-json\/wp\/v2\/types\/post"}],"author":[{"embeddable":true,"href":"https:\/\/linitiative.ca\/International\/wp-json\/wp\/v2\/users\/1787"}],"replies":[{"embeddable":true,"href":"https:\/\/linitiative.ca\/International\/wp-json\/wp\/v2\/comments?post=81418"}],"version-history":[{"count":0,"href":"https:\/\/linitiative.ca\/International\/wp-json\/wp\/v2\/posts\/81418\/revisions"}],"wp:attachment":[{"href":"https:\/\/linitiative.ca\/International\/wp-json\/wp\/v2\/media?parent=81418"}],"wp:term":[{"taxonomy":"category","embeddable":true,"href":"https:\/\/linitiative.ca\/International\/wp-json\/wp\/v2\/categories?post=81418"},{"taxonomy":"post_tag","embeddable":true,"href":"https:\/\/linitiative.ca\/International\/wp-json\/wp\/v2\/tags?post=81418"}],"curies":[{"name":"wp","href":"https:\/\/api.w.org\/{rel}","templated":true}]}}