{"id":81420,"date":"2020-04-06T16:08:00","date_gmt":"2020-04-06T20:08:00","guid":{"rendered":"https:\/\/linitiative.ca\/International\/changement-de-modele\/"},"modified":"2020-04-06T16:08:00","modified_gmt":"2020-04-06T20:08:00","slug":"changement-de-modele","status":"publish","type":"post","link":"https:\/\/linitiative.ca\/International\/changement-de-modele\/","title":{"rendered":"Changement de mod\u00e8le ?"},"content":{"rendered":"<p><strong>En 2017, Beno\u00eet Hamon, candidat socialiste \u00e0 la pr\u00e9sidentielle fran\u00e7aise, avait promis, comme le pr\u00e9conisait Thomas Piketty, grand \u00e9conomiste, l\u2019instauration d\u2019un revenu universel, une nouvelle vision du travail, un vrai coup\u00a0 de\u00a0barre environnemental. Il a \u00e9t\u00e9 s\u00e8chement battu. Il a recueilli \u00e0 peine 5 %\u00a0 des voix et acc\u00e9l\u00e9r\u00e9 l\u2019implosion du parti socialiste fran\u00e7ais.<\/strong><\/p>\n<div class=\"c10\"\/>\n<p>En politique, il n\u2019est jamais bon d\u2019avoir raison avant tout le monde. Car, ces id\u00e9es sont reprises par des gens de tous bords, qui d\u00e9couvrent enfin l\u2019ind\u00e9cence du <strong>capitalisme financier<\/strong>, des dividendes produits par la d\u00e9tresse sociale et de l\u2019importance de l\u2019\u00e9cologie.<\/p>\n<p>Les chantres de la mondialisation heureuse r\u00e9clamant la relocalisation, le <strong>protectionnisme intelligent<\/strong>, rejettent alors en bloc la th\u00e9orie du mus\u00e8lement qui \u00e9tait leur bible il y a encore quelques mois. M\u00eame Angela Merkel red\u00e9couvre que la protection sociale est un <strong>investissement<\/strong>.<\/p>\n<p>Lire aussi: <a href=\"https:\/\/www.challenge.ma\/coronavirus-40-marocains-bloques-aux-maldives-136151\/\">Coronavirus : 40 marocains bloqu\u00e9s aux Maldives<\/a><\/p>\n<p>A la sortie de la crise, cela laissera des traces. Le recours \u00e0 Keynes ne sera pas suffisant pour sortir les \u00e9conomies du d\u00e9sastre. Le <strong>changement de la politique<\/strong> Budg\u00e9taire ne suffira pas comme r\u00e9ponse.<\/p>\n<p>Deux visions s\u2019affronteront, celle qui plaidera pour une p\u00e9riode de dopage, bas\u00e9e la politique de l\u2019offre et une autre qui r\u00e9clamera un autre mod\u00e8le de soci\u00e9t\u00e9, comme dans toutes les <strong>\u00e9tapes historiques<\/strong>. C\u2019est le mouvement des masses qui, en fonction de sa puissance, fera pencher la balance d\u2019un c\u00f4t\u00e9 ou de l\u2019autre.<\/p>\n<p>Car les <strong>mouvements sociaux<\/strong> seront tr\u00e8s importants, surtout dans les pays o\u00f9 les gouvernants se sont r\u00e9v\u00e9l\u00e9s impr\u00e9voyants, o\u00f9 les restrictions budg\u00e9taires ont touch\u00e9 la sant\u00e9 publique.<\/p>\n<p>La gauche mondiale, en perte de vitesse, a un challenge se reconstruire. Elle ne peut le faire en acceptant la doxa lib\u00e9rale. Gramsci disait que c\u2019est l\u2019<strong>h\u00e9g\u00e9monie<\/strong> sur le plan des id\u00e9es qui pr\u00e9pare l\u2019h\u00e9g\u00e9monie politique. La gauche caviar n\u2019a aucune chance de ressusciter. Parce qu\u2019elle sera clarifi\u00e9e, la lutte mettra hors-jeu les adeptes de la collaboration de classes.<\/p>\n<div class=\"c17\">\n<fieldset class=\"c16\">\n<legend><strong><span class=\"c11\">Challenge<\/span><span class=\"c12\">news<\/span><\/strong><\/legend>\n<div class=\"c15\">Le meilleur de Challenge s\u00e9lectionn\u00e9 par la r\u00e9daction :<\/p>\n<\/div>\n<\/fieldset>\n<\/div>\n<p>Auteur: Jamal Berraoui<br \/>\n<a href=\"https:\/\/www.challenge.ma\/changement-de-modele-136200\/\">Cliquez ici pour lire l&rsquo;article depuis sa source.<\/a><\/p>\n","protected":false},"excerpt":{"rendered":"<p>En 2017, Beno\u00eet Hamon, candidat socialiste \u00e0 la pr\u00e9sidentielle fran\u00e7aise, avait promis, comme le pr\u00e9conisait Thomas Piketty, grand \u00e9conomiste, l\u2019instauration d\u2019un revenu universel, une nouvelle vision du travail, un vrai coup\u00a0 de\u00a0barre environnemental. Il a \u00e9t\u00e9 s\u00e8chement battu. Il a recueilli \u00e0 peine 5 %\u00a0 des voix et acc\u00e9l\u00e9r\u00e9 l\u2019implosion du parti socialiste fran\u00e7ais. En [&hellip;]<\/p>\n","protected":false},"author":1787,"featured_media":0,"comment_status":"closed","ping_status":"closed","sticky":false,"template":"","format":"standard","meta":{"fifu_image_url":"","fifu_image_alt":"","footnotes":""},"categories":[78,54],"tags":[],"class_list":["post-81420","post","type-post","status-publish","format-standard","hentry","category-economie","category-maroc"],"_links":{"self":[{"href":"https:\/\/linitiative.ca\/International\/wp-json\/wp\/v2\/posts\/81420","targetHints":{"allow":["GET"]}}],"collection":[{"href":"https:\/\/linitiative.ca\/International\/wp-json\/wp\/v2\/posts"}],"about":[{"href":"https:\/\/linitiative.ca\/International\/wp-json\/wp\/v2\/types\/post"}],"author":[{"embeddable":true,"href":"https:\/\/linitiative.ca\/International\/wp-json\/wp\/v2\/users\/1787"}],"replies":[{"embeddable":true,"href":"https:\/\/linitiative.ca\/International\/wp-json\/wp\/v2\/comments?post=81420"}],"version-history":[{"count":0,"href":"https:\/\/linitiative.ca\/International\/wp-json\/wp\/v2\/posts\/81420\/revisions"}],"wp:attachment":[{"href":"https:\/\/linitiative.ca\/International\/wp-json\/wp\/v2\/media?parent=81420"}],"wp:term":[{"taxonomy":"category","embeddable":true,"href":"https:\/\/linitiative.ca\/International\/wp-json\/wp\/v2\/categories?post=81420"},{"taxonomy":"post_tag","embeddable":true,"href":"https:\/\/linitiative.ca\/International\/wp-json\/wp\/v2\/tags?post=81420"}],"curies":[{"name":"wp","href":"https:\/\/api.w.org\/{rel}","templated":true}]}}