{"id":81427,"date":"2020-04-06T17:06:59","date_gmt":"2020-04-06T21:06:59","guid":{"rendered":"https:\/\/linitiative.ca\/International\/lautriche-le-premier-pays-europeen-a-sortir-du-confinement\/"},"modified":"2020-04-06T17:06:59","modified_gmt":"2020-04-06T21:06:59","slug":"lautriche-le-premier-pays-europeen-a-sortir-du-confinement","status":"publish","type":"post","link":"https:\/\/linitiative.ca\/International\/lautriche-le-premier-pays-europeen-a-sortir-du-confinement\/","title":{"rendered":"L\u2019Autriche\u00a0: Le premier pays europ\u00e9en \u00e0 sortir du confinement"},"content":{"rendered":"<div class=\"post-cont-in left relative\">\n<p>L\u2019Autriche sera le premier pays europ\u00e9en \u00e0 d\u00e9tailler un calendrier de sortie de crise. Les autorit\u00e9s annoncent la r\u00e9ouverture des premiers commerces, mardi 14\u00a0avril, quatre semaines apr\u00e8s le d\u00e9but du confinement, a annonc\u00e9, lundi 6\u00a0avril, le chancelier Sebastian Kurz.<\/p>\n<div class=\"code-block code-block-1 c3\"><ins class=\"adsbygoogle c2\" data-ad-layout=\"in-article\" data-ad-format=\"fluid\" data-ad-client=\"ca-pub-2102118777505746\" data-ad-slot=\"7301775417\"\/> <\/div>\n<p>Ces r\u00e9ouvertures se feront en deux temps. Elles doivent, d\u2019abord, concerner les magasins de moins de 400\u00a0m2, ainsi que les commerces de jardinage et de bricolage. Les autres suivront \u00e0 partir du 1er\u00a0mai, \u00e0 l\u2019exception du secteur de l\u2019h\u00f4tellerie-restauration, qui pourra rouvrir\u00a0\u00ab\u00a0par \u00e9tapes\u00a0\u00bb, \u00e0 partir du 15\u00a0mai. Le port du masque sera obligatoire dans tous ces commerces, comme dans les transports publics.<\/p>\n<p>Le chef du gouvernement autrichien a annonc\u00e9 qu\u2019ils ont pu traverser la crise mieux que d\u2019autres pays<em>.\u00a0\u00ab\u00a0Notre but est d\u00e9sormais de sortir plus vite de la crise que les autres\u00a0\u00bb<\/em>, a-t-il ajout\u00e9 lors d\u2019une conf\u00e9rence de presse. Il a ajout\u00e9 que les autorit\u00e9s pourront \u00ab\u00a0mettre le pied sur le frein\u00a0\u00bb\u00a0\u00e0 n\u2019importe quel moment en cas de reprise de la propagation de l\u2019\u00e9pid\u00e9mie.<\/p>\n<p>Avec seulement 220\u00a0morts et 12\u00a0000\u00a0infections au 6\u00a0avril pour 8,8\u00a0millions d\u2019habitants, l\u2019Autriche n\u2019a jamais \u00e9t\u00e9 vraiment d\u00e9bord\u00e9e par le Covid-19. Il n\u2019y a jamais eu plus de 250\u00a0malades en soins intensifs et le nombre de cas diminue depuis vendredi 3\u00a0avril. A rappeler que le pays a \u00e9t\u00e9 tr\u00e8s prompt pour mettre en \u0153uvre les mesures de confinement et de distanciation sociale.<\/p>\n<div class=\"swp_social_panel swp_horizontal_panel swp_flat_fresh swp_default_full_color swp_individual_full_color swp_other_full_color scale-100 scale-\" data-min-width=\"1100\" data-float-color=\"#ffffff\" data-float=\"bottom\" data-float-mobile=\"bottom\" data-transition=\"slide\">\n<div class=\"nc_tweetContainer swp_share_button total_shares total_sharesalt\"><span class=\"swp_count\">1 <span class=\"swp_label\">Partages<\/span><\/span><\/div>\n<\/div>\n<p><strong>Que se passe-t-il en Tunisie?<\/strong><br \/>Nous expliquons sur notre <a href=\"https:\/\/www.youtube.com\/channel\/UCRzypVq0B_yBad5eGrwBx0Q?sub_confirmation=1\" target=\"_blank\" rel=\"noopener noreferrer\">cha\u00eene YouTube<\/a> . <a href=\"https:\/\/www.youtube.com\/channel\/UCRzypVq0B_yBad5eGrwBx0Q?sub_confirmation=1\" target=\"_blank\" rel=\"noopener noreferrer\">Abonnez-vous!<\/a><\/p>\n<div class=\"mvp-org-wrap mvp-org-logo\" itemprop=\"publisher\" itemscope=\"\" itemtype=\"https:\/\/schema.org\/Organization\"><img decoding=\"async\" src=\"https:\/\/www.tunisienumerique.com\/wp-content\/uploads\/2017\/02\/logo_tunisie_numerique.png\"\/><\/div>\n<div class=\"mvp-related-posts left relative\">\n<h4 class=\"post-header\"><span class=\"post-header\">Lire aussi<\/span><\/h4>\n<\/div>\n<div id=\"article-ad\"><ins class=\"adsbygoogle c4\" data-ad-client=\"ca-pub-2102118777505746\" data-ad-slot=\"6513972734\" data-ad-format=\"auto\" data-full-width-responsive=\"true\"\/> <\/div>\n<\/div>\n<div id=\"post-sidebar-wrap\"><ins class=\"adsbygoogle c4\" data-ad-client=\"ca-pub-2102118777505746\" data-ad-slot=\"6168283410\" data-ad-format=\"auto\" data-full-width-responsive=\"true\"\/> <\/div>\n<p>Auteur: LM<br \/>\n<a href=\"https:\/\/www.tunisienumerique.com\/lautriche-le-premier-pays-europeen-a-sortir-du-confinement\/\">Cliquez ici pour lire l&rsquo;article depuis sa source.<\/a><\/p>\n","protected":false},"excerpt":{"rendered":"<p>L\u2019Autriche sera le premier pays europ\u00e9en \u00e0 d\u00e9tailler un calendrier de sortie de crise. Les autorit\u00e9s annoncent la r\u00e9ouverture des premiers commerces, mardi 14\u00a0avril, quatre semaines apr\u00e8s le d\u00e9but du confinement, a annonc\u00e9, lundi 6\u00a0avril, le chancelier Sebastian Kurz. Ces r\u00e9ouvertures se feront en deux temps. Elles doivent, d\u2019abord, concerner les magasins de moins de [&hellip;]<\/p>\n","protected":false},"author":1789,"featured_media":81428,"comment_status":"closed","ping_status":"closed","sticky":false,"template":"","format":"standard","meta":{"fifu_image_url":"","fifu_image_alt":"","footnotes":""},"categories":[73,55],"tags":[],"class_list":["post-81427","post","type-post","status-publish","format-standard","has-post-thumbnail","hentry","category-actualite","category-tunisie"],"_links":{"self":[{"href":"https:\/\/linitiative.ca\/International\/wp-json\/wp\/v2\/posts\/81427","targetHints":{"allow":["GET"]}}],"collection":[{"href":"https:\/\/linitiative.ca\/International\/wp-json\/wp\/v2\/posts"}],"about":[{"href":"https:\/\/linitiative.ca\/International\/wp-json\/wp\/v2\/types\/post"}],"author":[{"embeddable":true,"href":"https:\/\/linitiative.ca\/International\/wp-json\/wp\/v2\/users\/1789"}],"replies":[{"embeddable":true,"href":"https:\/\/linitiative.ca\/International\/wp-json\/wp\/v2\/comments?post=81427"}],"version-history":[{"count":0,"href":"https:\/\/linitiative.ca\/International\/wp-json\/wp\/v2\/posts\/81427\/revisions"}],"wp:featuredmedia":[{"embeddable":true,"href":"https:\/\/linitiative.ca\/International\/wp-json\/"}],"wp:attachment":[{"href":"https:\/\/linitiative.ca\/International\/wp-json\/wp\/v2\/media?parent=81427"}],"wp:term":[{"taxonomy":"category","embeddable":true,"href":"https:\/\/linitiative.ca\/International\/wp-json\/wp\/v2\/categories?post=81427"},{"taxonomy":"post_tag","embeddable":true,"href":"https:\/\/linitiative.ca\/International\/wp-json\/wp\/v2\/tags?post=81427"}],"curies":[{"name":"wp","href":"https:\/\/api.w.org\/{rel}","templated":true}]}}