{"id":81432,"date":"2020-04-06T13:45:00","date_gmt":"2020-04-06T17:45:00","guid":{"rendered":"https:\/\/linitiative.ca\/International\/pandemie-du-covid-19\/"},"modified":"2020-04-06T13:45:00","modified_gmt":"2020-04-06T17:45:00","slug":"pandemie-du-covid-19","status":"publish","type":"post","link":"https:\/\/linitiative.ca\/International\/pandemie-du-covid-19\/","title":{"rendered":"PANDEMIE DU COVID-19"},"content":{"rendered":"<div class=\"stream-item stream-item-above-post-content\">\n<p><noscript><\/p>\n<p><a href=\"\/\/www3.smartadserver.com\/ac?jump=1&amp;nwid=2136&amp;siteid=240610&amp;pgname=rg&amp;fmtid=49046&amp;visit=m&amp;tmstp=[timestamp]&amp;out=nonrich\" target=\"_blank\" rel=\"noopener noreferrer\"><img decoding=\"async\" src=\"http:\/\/www3.smartadserver.com\/ac?out=nonrich&amp;nwid=2136&amp;siteid=240610&amp;pgname=rg&amp;fmtid=49046&amp;visit=m&amp;tmstp=[timestamp]\" border=\"0\" alt=\"\"\/><\/a><\/p>\n<p><\/noscript><\/div>\n<p class=\"c3\"><em>Plus de trois mois apr\u00e8s son apparition en Chine, le coronavirus continue de se propager fortement dans le monde. En attendant d\u2019atteindre les pics que tout le monde redoute, l\u2019Afrique qui fait partie des continents les plus pauvres de la plan\u00e8te, fait preuve d\u2019une r\u00e9silience qui en \u00e9tonne plus d\u2019un, eu \u00e9gard \u00e0 la faiblesse de son syst\u00e8me sanitaire et au nombre de cas d\u00e9clar\u00e9s d\u2019infections. En tout cas, \u00e0 la date du 5 avril 2020, ce sont, pour la plupart, les grandes puissances occidentales, orientales et asiatiques qui payaient le plus lourd tribut avec plus des deux tiers des 68\u00a0000 morts sur les plus de 1\u00a0200\u00a0000 cas d\u2019infections, l\u00e0 o\u00f9 l\u2019Afrique comptabilisait un peu plus de 8000 cas confirm\u00e9s pour un peu moins de 400 d\u00e9c\u00e8s. Et au moment o\u00f9 l\u2019espoir renaissait en Europe, avec la tendance \u00e0 la stabilisation voire \u00e0 un d\u00e9but de d\u00e9crue de la pand\u00e9mie dans les pays les plus touch\u00e9s que sont l\u2019Italie, l\u2019Espagne et la France, l\u2019Am\u00e9rique de Donald Trump, devenue le nouvel \u00e9picentre de la maladie avec plus de 324\u00a0000 cas d\u00e9clar\u00e9s pour plus de 9 000 morts, s\u2019attendait au pire et \u00e0 vivre deux semaines \u00ab\u00a0tr\u00e8s tr\u00e8s douloureuses\u00a0\u00bb.<\/em><\/p>\n<p class=\"c3\"><strong><em>La solidarit\u00e9 reste la meilleure arme face \u00e0 ce monde en d\u00e9tresse<\/em><\/strong><\/p>\n<p class=\"c3\"><em>\u00ab\u00a0Je veux que chaque Am\u00e9ricain soit pr\u00eat pour les jours difficiles qui nous attendent\u00a0\u00bb, a pr\u00e9venu le pr\u00e9sident am\u00e9ricain dont les projections font \u00e9tat de 100\u00a0000 \u00e0 200\u00a0000 morts dans son pays o\u00f9 le bilan ne fait que s\u2019alourdir, avant de \u00ab\u00a0commencer \u00e0 voir une vraie lumi\u00e8re au bout du tunnel\u00a0\u00bb. C\u2019est dire si \u00e0 la lumi\u00e8re des ravages de ce petit virus, le monde d\u00e9couvre aujourd\u2019hui toute sa fragilit\u00e9, y compris celle des grandes puissances qui se montrent tout aussi d\u00e9pass\u00e9es par l\u2019ampleur de la maladie. Et si le g\u00e9ant am\u00e9ricain qui ne revendique rien moins que la place de premi\u00e8re puissance au monde, a d\u00fb ravaler son orgueil pour accepter de l\u2019aide humanitaire et m\u00e9dicale de la Russie et de la Chine, c\u2019est qu\u2019au-del\u00e0 de l\u2019urgence sanitaire mondiale, la pand\u00e9mie du Covid-19 se r\u00e9v\u00e8le, \u00e0 bien des \u00e9gards, pleine d\u2019enseignements. D\u2019abord, cette image de l\u2019Am\u00e9rique assist\u00e9e, illustre d\u00e9j\u00e0 \u00e0 la perfection l\u2019adage selon lequel, \u00ab\u00a0on a toujours besoin d\u2019un plus petit que soi\u00bb. Ensuite, cette crise sanitaire est la preuve que face \u00e0 cette maladie, aucune rivalit\u00e9 ne saurait tenir et que la solidarit\u00e9 reste la meilleure arme face \u00e0 ce monde en d\u00e9tresse. Un monde o\u00f9 les plus puissants d\u00e9couvrent, du jour au lendemain, leur vuln\u00e9rabilit\u00e9 face \u00e0 une nature qu\u2019ils croyaient peut-\u00eatre na\u00efvement avoir totalement dompt\u00e9e, eu \u00e9gard aux progr\u00e8s scientifiques et technologiques qui repoussent chaque jour un peu plus, les limites de l\u2019inventivit\u00e9 et de la prouesse humaine. C\u2019est dire si cette pand\u00e9mie du Covid-19 peut \u00eatre per\u00e7ue comme un appel \u00e0 l\u2019humilit\u00e9, surtout des puissants de la plan\u00e8te, et \u00e0 plus d\u2019humanisme envers les plus faibles et les plus d\u00e9munis. Bien s\u00fbr que l\u2019homme, par la m\u00e9decine, finira par triompher de la maladie. Mais en attendant, le Covid-19 est venu montrer la fragilit\u00e9 de la plan\u00e8te et toute la pr\u00e9carit\u00e9 de la situation de l\u2019\u00eatre humain.<\/em><\/p>\n<p class=\"c3\"><strong><em>Il a fallu cette pand\u00e9mie du Covid-19 pour que l\u2019Homme r\u00e9alise sa modeste place dans l\u2019univers<\/em><\/strong><\/p>\n<p class=\"c3\"><em>En tout cas, jamais auparavant, les rois du monde n\u2019ont \u00e9t\u00e9 aussi nus voire impuissants face \u00e0 un petit virus qui a r\u00e9ussi la prouesse, en si peu de temps, de confiner, toutes activit\u00e9s cessantes et au m\u00eame moment, plus du tiers de la population mondiale. Il y a de cela quelques mois encore, une telle situation qui serait synonyme de mort annonc\u00e9e de bien des \u00e9conomies, \u00e9tait tout simplement inimaginable dans un monde o\u00f9 le temps a fini par ne se compter qu\u2019en termes d\u2019argent. Et pourtant, il a fallu cette pand\u00e9mie du Covid-19 pour que l\u2019Homme r\u00e9alise sa modeste place dans l\u2019univers et l\u2019on peut m\u00eame \u00e0 pr\u00e9sent se demander s\u2019il a totalement son destin entre ses mains. Car, tout porte \u00e0 croire que la nature nous parle mais nous ne l\u2019\u00e9coutons pas assez. C\u2019est pourquoi il y a des raisons de croire que de tels drames sanitaires, aussi destructeurs qu\u2019ils puissent para\u00eetre pour l\u2019esp\u00e8ce humaine, s\u2019inscrivent aussi dans une logique de r\u00e9\u00e9quilibrage de la nature. En effet, \u00e0 en croire certains, la diminution de la pollution cons\u00e9cutive au coronavirus, devrait sauver \u00e0 terme plus de vies que le virus mortel ne pourra en emporter. Quoi qu\u2019il en soit, s\u2019il y a une chose qui para\u00eet d\u2019ores et d\u00e9j\u00e0 certaine, c\u2019est qu\u2019il y aura un avant et un apr\u00e8s-Covid-19. C\u2019est pourquoi il y a de quoi se demander si au-del\u00e0 des rivalit\u00e9s \u00e9conomiques et militaires qui ne manqueront pas de reprendre le dessus, le monde ne se porterait pas mieux s\u2019il s\u2019attachait davantage aux valeurs que la pand\u00e9mie du coronavirus nous aura entre-temps enseign\u00e9es, c\u2019est-\u00e0-dire l\u2019humilit\u00e9 et l\u2019humanisme.<\/em><\/p>\n<p class=\"c3\"><strong><em>\u00ab\u00a0Le Pays\u00a0\u00bb<\/em><\/strong><\/p>\n<p>Auteur: Le Pays<br \/>\n<a href=\"http:\/\/lepays.bf\/pandemie-du-covid-19\/\">Cliquez ici pour lire l&rsquo;article depuis sa source.<\/a><\/p>\n","protected":false},"excerpt":{"rendered":"<p>Plus de trois mois apr\u00e8s son apparition en Chine, le coronavirus continue de se propager fortement dans le monde. En attendant d\u2019atteindre les pics que tout le monde redoute, l\u2019Afrique qui fait partie des continents les plus pauvres de la plan\u00e8te, fait preuve d\u2019une r\u00e9silience qui en \u00e9tonne plus d\u2019un, eu \u00e9gard \u00e0 la faiblesse [&hellip;]<\/p>\n","protected":false},"author":1813,"featured_media":0,"comment_status":"closed","ping_status":"closed","sticky":false,"template":"","format":"standard","meta":{"fifu_image_url":"","fifu_image_alt":"","footnotes":""},"categories":[73,81],"tags":[],"class_list":["post-81432","post","type-post","status-publish","format-standard","hentry","category-actualite","category-burkina-faso"],"_links":{"self":[{"href":"https:\/\/linitiative.ca\/International\/wp-json\/wp\/v2\/posts\/81432","targetHints":{"allow":["GET"]}}],"collection":[{"href":"https:\/\/linitiative.ca\/International\/wp-json\/wp\/v2\/posts"}],"about":[{"href":"https:\/\/linitiative.ca\/International\/wp-json\/wp\/v2\/types\/post"}],"author":[{"embeddable":true,"href":"https:\/\/linitiative.ca\/International\/wp-json\/wp\/v2\/users\/1813"}],"replies":[{"embeddable":true,"href":"https:\/\/linitiative.ca\/International\/wp-json\/wp\/v2\/comments?post=81432"}],"version-history":[{"count":0,"href":"https:\/\/linitiative.ca\/International\/wp-json\/wp\/v2\/posts\/81432\/revisions"}],"wp:attachment":[{"href":"https:\/\/linitiative.ca\/International\/wp-json\/wp\/v2\/media?parent=81432"}],"wp:term":[{"taxonomy":"category","embeddable":true,"href":"https:\/\/linitiative.ca\/International\/wp-json\/wp\/v2\/categories?post=81432"},{"taxonomy":"post_tag","embeddable":true,"href":"https:\/\/linitiative.ca\/International\/wp-json\/wp\/v2\/tags?post=81432"}],"curies":[{"name":"wp","href":"https:\/\/api.w.org\/{rel}","templated":true}]}}