{"id":81435,"date":"2020-04-06T12:10:07","date_gmt":"2020-04-06T16:10:07","guid":{"rendered":"https:\/\/linitiative.ca\/International\/declaration-de-lupc-sur-les-suspensions-des-salaires-des-agents-de-la-fonction-publique\/"},"modified":"2020-04-06T12:10:07","modified_gmt":"2020-04-06T16:10:07","slug":"declaration-de-lupc-sur-les-suspensions-des-salaires-des-agents-de-la-fonction-publique","status":"publish","type":"post","link":"https:\/\/linitiative.ca\/International\/declaration-de-lupc-sur-les-suspensions-des-salaires-des-agents-de-la-fonction-publique\/","title":{"rendered":"D\u00e9claration de l\u2019UPC sur les suspensions des salaires des agents de la fonction publique"},"content":{"rendered":"<div class=\"td-post-featured-image\"><a href=\"https:\/\/i1.wp.com\/www.sidwaya.info\/wp-content\/uploads\/2020\/04\/UPC.jpg?fit=298%2C169&amp;ssl=1\" data-caption=\"\"><img loading=\"lazy\" decoding=\"async\" width=\"298\" height=\"169\" class=\"entry-thumb td-modal-image\" src=\"https:\/\/i1.wp.com\/www.sidwaya.info\/wp-content\/uploads\/2020\/04\/UPC.jpg?resize=298,169&amp;ssl=1\" alt=\"\" title=\"UPC\"\/><\/a><\/div>\n<p>Le collectif syndical CGTB, l\u2019intersyndicale des magistrats et des syndicats autonomes ont interpell\u00e9 le 31 mars 2020 \u00ab\u00a0les forces sociales et politiques \u00e0 se prononcer sur les graves atteintes aux valeurs d\u00e9mocratiques que sont notamment le droit \u00e0, la s\u00e9curit\u00e9, la sant\u00e9, la libert\u00e9 syndicale, la libert\u00e9 d\u2019expression et de manifestation, m\u00eame dans un contexte d\u2019\u00e9pid\u00e9mie\u00a0\u00bb.<\/p>\n<p>L\u2019Union pour le Progr\u00e8s et le Changement (UPC) a inscrit \u00a0dans ses textes et dans sa pratique depuis mars 2010, des valeurs et des normes du Burkindlim. C\u2019est ainsi que des valeurs ccomme l\u2019esprit de justice sociale, l\u2019\u00e9quit\u00e9, le patriotisme, la libert\u00e9, la dignit\u00e9, l\u2019int\u00e9grit\u00e9 et la solidarit\u00e9 sont pr\u00f4n\u00e9es, suivies et appliqu\u00e9es strictement.<\/p>\n<p><strong>L\u2019UPC se fera toujours\u00a0 pour devoir patriotique de r\u00e9pondre, de s\u2019exprimer et surtout d\u2019agir dans l\u2019int\u00e9r\u00eat sup\u00e9rieur\u00a0 de la nation dans toutes ses composantes socio professionnelles sans exclusive et ce, dans le respect des valeurs et normes cardinales<\/strong> <strong>de notre soci\u00e9t\u00e9<\/strong>.<\/p>\n<p>L\u2019UPC a appris que plusieurs agents de la Fonction publique ont vu leurs salaires suspendus \u00e0 l\u2019issue de la gr\u00e8ve observ\u00e9e du 16 au 20 mars 2020. Cette suspension a \u00e9t\u00e9 faite avec pr\u00e9cipitation et sans discernement car des femmes en cong\u00e9 de maternit\u00e9 et des stagiaires dans des \u00e9coles de formation ont \u00e9t\u00e9 frapp\u00e9s.<\/p>\n<p>Les minist\u00e8res concern\u00e9s sont essentiellement l\u2019Education et la Sant\u00e9, secteurs sociaux qui devaient faire l\u2019objet d\u2019une attention particuli\u00e8re.<\/p>\n<p>Le Minist\u00e8re de l\u2019Education Nationale, de l\u2019Alphab\u00e9tisation et de la Promotion \u00a0des Langues Nationales (MENAPLAN) compte \u00e0 lui seul pr\u00e8s de \u00a0six cent soixante-quinze (675) fonctionnaires frapp\u00e9s par la mesure, alors qu\u2019\u00e0 cette p\u00e9riode les classes \u00e9taient ferm\u00e9es avant le d\u00e9but de la gr\u00e8ve. Comment le Gouvernement peut-il expliquer \u00e0 l\u2019opinion nationale le miracle par lequel \u00a0la liste a \u00e9t\u00e9 \u00e9labor\u00e9e\u00a0?<\/p>\n<p>L\u2019Union pour le Progr\u00e8s et le Changement se demande dans quel esprit le Gouvernement a d\u00e9cid\u00e9 d\u2019op\u00e9rer ces suspensions de salaires.<\/p>\n<p>O\u00f9 est donc la place de la tr\u00eave sociale tant souhait\u00e9e et dont le Pr\u00e9sident du Faso fait allusion tr\u00e8s souvent dans ses discours ?<\/p>\n<p><strong>Cette suspension des salaires intervient dans un contexte de crise s\u00e9curitaire\u00a0 inqui\u00e9tante et de crise sanitaire s\u00e9v\u00e8re du Covid-19.<\/strong><\/p>\n<p>De toute \u00e9vidence, le Gouvernement a opt\u00e9 pour une logique de r\u00e9pression au moment o\u00f9, au regard du contexte, l\u2019accent devrait \u00eatre mis sur les mesures sociales pour att\u00e9nuer les angoisses qui d\u00e9coulent de cette situation des plus difficiles.<\/p>\n<p>Un coup d\u2019\u0153il dans le pass\u00e9 et tenant compte du bourbier dans lequel se sont enlis\u00e9es les r\u00e9centes\u00a0 n\u00e9gociations syndicats-gouvernement, l\u2019UPC est \u00e0 m\u00eame d\u2019affirmer que le Gouvernement a fait dans la surench\u00e8re inutile. Inutile de dire que pour le cas sp\u00e9cifique de la sant\u00e9 et au moment o\u00f9 le coronavirus est d\u00e9j\u00e0 dans notre maison, cette mesure est v\u00e9ritablement inopportune en ce qu\u2019elle d\u00e9moralise des agents d\u00e9j\u00e0 d\u00e9prim\u00e9s par les conditions de travail tr\u00e8s difficiles.<\/p>\n<p>Cette mesure\u00a0 impopulaire de suspension massive de salaires aura des r\u00e9percussions terribles sur des familles enti\u00e8res et est une premi\u00e8re dans l\u2019histoire de notre pays, appliqu\u00e9e par un gouvernement social-d\u00e9mocrate !<\/p>\n<p>Tout en \u00e9tant solidaire des travailleurs des villes et des campagnes, l\u2019UPC invite le Gouvernement \u00e0 engager un dialogue franc et sinc\u00e8re avec les syndicats en lieu et place de cette fuite en avant qui ne fait qu\u2019entrainer notre pays dans de grandes incertitudes. \u00a0Dans le cadre de la mobilisation populaire contre la pand\u00e9mie \u00e0 coronavirus\u00a0 et contre l\u2019ins\u00e9curit\u00e9, l\u2019UPC\u00a0 recommande au Gouvernement:<\/p>\n<p>\u2013 l\u2019abandon pur et simple du pr\u00e9l\u00e8vement de l\u2019IUTS;<\/p>\n<p>\u2013 le reversement des salaires suspendus et le reversement des retenues dues \u00e0 l\u2019IUTS des mois pass\u00e9s;<\/p>\n<p>\u2013 la reprise du dialogue social<\/p>\n<p>L\u2019UPC invite le \u00a0Pr\u00e9sident\u00a0 du Faso \u00e0 lancer un appel solennel aux forces vives de la nation pour \u00a0qu\u2019ensemble, nous fassions face \u00e0 l\u2019ennemi commun qu\u2019est le \u00a0Covid-19<\/p>\n<p><strong>Ouagadougou, le 06 avril 2020<\/strong><\/p>\n<p><strong>Pour le Bureau Politique National,<\/strong><\/p>\n<p><strong>\u00a0 Le Vice-pr\u00e9sident charg\u00e9 de l\u2019\u00e9ducation, de la formation professionnelle et de la recherche scientifique<\/strong><\/p>\n<p><strong>\u00a0\u00a0\u00a0\u00a0\u00a0\u00a0\u00a0\u00a0\u00a0\u00a0\u00a0\u00a0\u00a0\u00a0\u00a0\u00a0\u00a0\u00a0\u00a0\u00a0\u00a0\u00a0\u00a0\u00a0\u00a0\u00a0\u00a0\u00a0\u00a0\u00a0\u00a0\u00a0\u00a0\u00a0\u00a0\u00a0\u00a0\u00a0\u00a0\u00a0\u00a0\u00a0\u00a0\u00a0\u00a0\u00a0\u00a0 Amadou SANON<\/strong><\/p>\n<div class=\"td-a-rec td-a-rec-id-content_bottom tdi_30_ee8 td_block_template_1\"><img loading=\"lazy\" decoding=\"async\" class=\"aligncenter size-full wp-image-9623\" src=\"https:\/\/www.sidwaya.info\/wp-content\/uploads\/2019\/06\/Projet-bannie\u0300re-Orange-mobile.jpg\" alt=\"\" width=\"728\" height=\"81\"\/><\/div>\n<p>Auteur: BS. Sidwaya<br \/>\n<a href=\"https:\/\/www.sidwaya.info\/blog\/2020\/04\/06\/declaration-de-lupc-sur-les-suspensions-des-salaires-des-agents-de-la-fonction-publique\/\">Cliquez ici pour lire l&rsquo;article depuis sa source.<\/a><\/p>\n","protected":false},"excerpt":{"rendered":"<p>Le collectif syndical CGTB, l\u2019intersyndicale des magistrats et des syndicats autonomes ont interpell\u00e9 le 31 mars 2020 \u00ab\u00a0les forces sociales et politiques \u00e0 se prononcer sur les graves atteintes aux valeurs d\u00e9mocratiques que sont notamment le droit \u00e0, la s\u00e9curit\u00e9, la sant\u00e9, la libert\u00e9 syndicale, la libert\u00e9 d\u2019expression et de manifestation, m\u00eame dans un contexte [&hellip;]<\/p>\n","protected":false},"author":1816,"featured_media":0,"comment_status":"closed","ping_status":"closed","sticky":false,"template":"","format":"standard","meta":{"fifu_image_url":"","fifu_image_alt":"","footnotes":""},"categories":[73,81],"tags":[],"class_list":["post-81435","post","type-post","status-publish","format-standard","hentry","category-actualite","category-burkina-faso"],"_links":{"self":[{"href":"https:\/\/linitiative.ca\/International\/wp-json\/wp\/v2\/posts\/81435","targetHints":{"allow":["GET"]}}],"collection":[{"href":"https:\/\/linitiative.ca\/International\/wp-json\/wp\/v2\/posts"}],"about":[{"href":"https:\/\/linitiative.ca\/International\/wp-json\/wp\/v2\/types\/post"}],"author":[{"embeddable":true,"href":"https:\/\/linitiative.ca\/International\/wp-json\/wp\/v2\/users\/1816"}],"replies":[{"embeddable":true,"href":"https:\/\/linitiative.ca\/International\/wp-json\/wp\/v2\/comments?post=81435"}],"version-history":[{"count":0,"href":"https:\/\/linitiative.ca\/International\/wp-json\/wp\/v2\/posts\/81435\/revisions"}],"wp:attachment":[{"href":"https:\/\/linitiative.ca\/International\/wp-json\/wp\/v2\/media?parent=81435"}],"wp:term":[{"taxonomy":"category","embeddable":true,"href":"https:\/\/linitiative.ca\/International\/wp-json\/wp\/v2\/categories?post=81435"},{"taxonomy":"post_tag","embeddable":true,"href":"https:\/\/linitiative.ca\/International\/wp-json\/wp\/v2\/tags?post=81435"}],"curies":[{"name":"wp","href":"https:\/\/api.w.org\/{rel}","templated":true}]}}