{"id":81436,"date":"2020-04-06T12:23:54","date_gmt":"2020-04-06T16:23:54","guid":{"rendered":"https:\/\/linitiative.ca\/International\/covid-19-la-consommation-de-apivirine-deconseillee\/"},"modified":"2020-04-06T12:23:54","modified_gmt":"2020-04-06T16:23:54","slug":"covid-19-la-consommation-de-apivirine-deconseillee","status":"publish","type":"post","link":"https:\/\/linitiative.ca\/International\/covid-19-la-consommation-de-apivirine-deconseillee\/","title":{"rendered":"COVID-19: la consommation de Apivirine deconseill\u00e9e"},"content":{"rendered":"<p>La Direction g\u00e9n\u00e9rale de l\u2019Agence nationale de R\u00e9gulation pharmaceutique (ANRP) deconseille la consommation de l\u2019Apivirine 500mg g\u00e9lules.<\/p>\n<p>Le communiqu\u00e9 ci-dessous<\/p>\n<p><a href=\"https:\/\/www.sidwaya.info\/wp-content\/uploads\/2020\/04\/COMMUNIQUE-APIVIRINE.pdf\">COMMUNIQUE APIVIRINE<\/a><\/p>\n<div class=\"td-a-rec td-a-rec-id-content_bottom  tdi_30_587 td_block_template_1\">\n<style><![CDATA[\n\/* custom css *\/\n.tdi_30_587.td-a-rec-img{\n\t\t\t\t    text-align: left;\n\t\t\t\t}.tdi_30_587.td-a-rec-img img{\n                    margin: 0 auto 0 0;\n                }\n]]><\/style>\n<p><img loading=\"lazy\" decoding=\"async\" class=\"aligncenter size-full wp-image-9623\" src=\"https:\/\/www.sidwaya.info\/wp-content\/uploads\/2019\/06\/Projet-bannie&#x300;re-Orange-mobile.jpg\" alt=\"\" width=\"728\" height=\"81\"\/><\/div>\n<p>Auteur: BS. Sidwaya<br \/>\n<a href=\"https:\/\/www.sidwaya.info\/blog\/2020\/04\/06\/covid-19-la-consommation-de-apivirine-deconseillee\/\">Cliquez ici pour lire l&rsquo;article depuis sa source.<\/a><\/p>\n","protected":false},"excerpt":{"rendered":"<p>La Direction g\u00e9n\u00e9rale de l\u2019Agence nationale de R\u00e9gulation pharmaceutique (ANRP) deconseille la consommation de l\u2019Apivirine 500mg g\u00e9lules. Le communiqu\u00e9 ci-dessous COMMUNIQUE APIVIRINE Auteur: BS. Sidwaya Cliquez ici pour lire l&rsquo;article depuis sa source.<\/p>\n","protected":false},"author":1816,"featured_media":81437,"comment_status":"closed","ping_status":"closed","sticky":false,"template":"","format":"standard","meta":{"fifu_image_url":"","fifu_image_alt":"","footnotes":""},"categories":[73,81],"tags":[],"class_list":["post-81436","post","type-post","status-publish","format-standard","has-post-thumbnail","hentry","category-actualite","category-burkina-faso"],"_links":{"self":[{"href":"https:\/\/linitiative.ca\/International\/wp-json\/wp\/v2\/posts\/81436","targetHints":{"allow":["GET"]}}],"collection":[{"href":"https:\/\/linitiative.ca\/International\/wp-json\/wp\/v2\/posts"}],"about":[{"href":"https:\/\/linitiative.ca\/International\/wp-json\/wp\/v2\/types\/post"}],"author":[{"embeddable":true,"href":"https:\/\/linitiative.ca\/International\/wp-json\/wp\/v2\/users\/1816"}],"replies":[{"embeddable":true,"href":"https:\/\/linitiative.ca\/International\/wp-json\/wp\/v2\/comments?post=81436"}],"version-history":[{"count":0,"href":"https:\/\/linitiative.ca\/International\/wp-json\/wp\/v2\/posts\/81436\/revisions"}],"wp:featuredmedia":[{"embeddable":true,"href":"https:\/\/linitiative.ca\/International\/wp-json\/"}],"wp:attachment":[{"href":"https:\/\/linitiative.ca\/International\/wp-json\/wp\/v2\/media?parent=81436"}],"wp:term":[{"taxonomy":"category","embeddable":true,"href":"https:\/\/linitiative.ca\/International\/wp-json\/wp\/v2\/categories?post=81436"},{"taxonomy":"post_tag","embeddable":true,"href":"https:\/\/linitiative.ca\/International\/wp-json\/wp\/v2\/tags?post=81436"}],"curies":[{"name":"wp","href":"https:\/\/api.w.org\/{rel}","templated":true}]}}