{"id":81439,"date":"2020-04-06T15:18:05","date_gmt":"2020-04-06T19:18:05","guid":{"rendered":"https:\/\/linitiative.ca\/International\/dix-huit-personnes-interpellees-a-abidjan-apres-le-saccage-dun-site-de-depistage-du-covid-19\/"},"modified":"2020-04-06T15:18:05","modified_gmt":"2020-04-06T19:18:05","slug":"dix-huit-personnes-interpellees-a-abidjan-apres-le-saccage-dun-site-de-depistage-du-covid-19","status":"publish","type":"post","link":"https:\/\/linitiative.ca\/International\/dix-huit-personnes-interpellees-a-abidjan-apres-le-saccage-dun-site-de-depistage-du-covid-19\/","title":{"rendered":"Dix-huit personnes interpell\u00e9es \u00e0 Abidjan apr\u00e8s le saccage d\u2019un site de d\u00e9pistage du Covid-19"},"content":{"rendered":"<div readability=\"32\">\n<p>Publi\u00e9 le 06.04.2020 \u00e0 20h18 par APA News<\/p>\n<\/div>\n<div readability=\"70\">\n<p>Quelque dix-huit personnes ont \u00e9t\u00e9 interpell\u00e9es \u00e0 Abidjan apr\u00e8s le saccage dans la nuit de dimanche \u00e0 lundi d\u2019un site de d\u00e9pistage du Covid-19 en construction \u00e0 Yopougon dans l\u2019Ouest de la capitale \u00e9conomique ivoirienne, a annonc\u00e9 lundi, Bleu Charlemagne, le porte-parole de la police nationale ivoirienne.\u00ab En termes de bilan, nous avons interpell\u00e9 \u00e0 ce jour 18 individus qui r\u00e9pondront de leurs actes devant les tribunaux \u00bb, a dit M. Bleu qui s\u2019exprimait sur les antennes de la Radiodiffusion t\u00e9l\u00e9vision ivoirienne (RTI, service public).<\/p>\n<p>\u00ab Ce d\u00e9sordre qui s\u2019est install\u00e9 ne passera pas par les forces de d\u00e9fense et de s\u00e9curit\u00e9. Et nous serons intransigeants l\u00e0-dessus parce que la majorit\u00e9 des ivoiriens aspirent \u00e0 avoir une bonne sant\u00e9\u00bb, a estim\u00e9 le porte-parole de l\u2019institution polici\u00e8re ivoirienne.<\/p>\n<p>\u00a0Auparavant le pr\u00e9fet d\u2019Abidjan, Vincent Toh Bi Iri\u00e9, qui a assur\u00e9 que le site saccag\u00e9 sera \u00a0bel et bien construit, \u00a0a indiqu\u00e9 \u00e9galement que \u00a0ces centres d\u00e9pistage du Covid-19 seront mis en place dans toutes les communes d\u2019Abidjan.<\/p>\n<p>Dans la nuit de dimanche \u00e0 lundi, un site de d\u00e9pistage de la maladie \u00e0 Covid-19 en construction \u00e0 Yopougon dans l\u2019ouest d\u2019Abidjan, a \u00e9t\u00e9 saccag\u00e9 par les populations riveraines qui estiment que leur sant\u00e9 sera en danger en raison de la proximit\u00e9 de leurs habitations.<\/p>\n<p>\u00a0Les autorit\u00e9s sanitaires ivoiriennes ont d\u00e9cid\u00e9, en plus des centres de prise en charge, de construire dans plusieurs communes d\u2019Abidjan des sites de d\u00e9pistage du Covid-19 pour lutter contre la propagation de cette maladie dans le pays.<\/p>\n<p>\u00a0En C\u00f4te d\u2019Ivoire, \u00e0 ce jour, 261 cas de maladie \u00e0 Coronavirus ont \u00e9t\u00e9 officiellement confirm\u00e9s avec 03 d\u00e9c\u00e8s et 37 cas de gu\u00e9rison.<\/p>\n<\/div>\n<p>Auteur: APA News<br \/>\n<a href=\"https:\/\/www.journalducameroun.com\/dix-huit-personnes-interpellees-a-abidjan-apres-le-saccage-dun-site-de-depistage-du-covid-19\/\">Cliquez ici pour lire l&rsquo;article depuis sa source.<\/a><\/p>\n","protected":false},"excerpt":{"rendered":"<p>Publi\u00e9 le 06.04.2020 \u00e0 20h18 par APA News Quelque dix-huit personnes ont \u00e9t\u00e9 interpell\u00e9es \u00e0 Abidjan apr\u00e8s le saccage dans la nuit de dimanche \u00e0 lundi d\u2019un site de d\u00e9pistage du Covid-19 en construction \u00e0 Yopougon dans l\u2019Ouest de la capitale \u00e9conomique ivoirienne, a annonc\u00e9 lundi, Bleu Charlemagne, le porte-parole de la police nationale ivoirienne.\u00ab [&hellip;]<\/p>\n","protected":false},"author":1965,"featured_media":0,"comment_status":"closed","ping_status":"closed","sticky":false,"template":"","format":"standard","meta":{"fifu_image_url":"","fifu_image_alt":"","footnotes":""},"categories":[73,82],"tags":[],"class_list":["post-81439","post","type-post","status-publish","format-standard","hentry","category-actualite","category-cameroun"],"_links":{"self":[{"href":"https:\/\/linitiative.ca\/International\/wp-json\/wp\/v2\/posts\/81439","targetHints":{"allow":["GET"]}}],"collection":[{"href":"https:\/\/linitiative.ca\/International\/wp-json\/wp\/v2\/posts"}],"about":[{"href":"https:\/\/linitiative.ca\/International\/wp-json\/wp\/v2\/types\/post"}],"author":[{"embeddable":true,"href":"https:\/\/linitiative.ca\/International\/wp-json\/wp\/v2\/users\/1965"}],"replies":[{"embeddable":true,"href":"https:\/\/linitiative.ca\/International\/wp-json\/wp\/v2\/comments?post=81439"}],"version-history":[{"count":0,"href":"https:\/\/linitiative.ca\/International\/wp-json\/wp\/v2\/posts\/81439\/revisions"}],"wp:attachment":[{"href":"https:\/\/linitiative.ca\/International\/wp-json\/wp\/v2\/media?parent=81439"}],"wp:term":[{"taxonomy":"category","embeddable":true,"href":"https:\/\/linitiative.ca\/International\/wp-json\/wp\/v2\/categories?post=81439"},{"taxonomy":"post_tag","embeddable":true,"href":"https:\/\/linitiative.ca\/International\/wp-json\/wp\/v2\/tags?post=81439"}],"curies":[{"name":"wp","href":"https:\/\/api.w.org\/{rel}","templated":true}]}}