{"id":81440,"date":"2020-04-06T16:18:04","date_gmt":"2020-04-06T20:18:04","guid":{"rendered":"https:\/\/linitiative.ca\/International\/le-ministre-ivoirien-de-la-defense-hamed-bakayoko-teste-positif-au-covid-19\/"},"modified":"2020-04-06T16:18:04","modified_gmt":"2020-04-06T20:18:04","slug":"le-ministre-ivoirien-de-la-defense-hamed-bakayoko-teste-positif-au-covid-19","status":"publish","type":"post","link":"https:\/\/linitiative.ca\/International\/le-ministre-ivoirien-de-la-defense-hamed-bakayoko-teste-positif-au-covid-19\/","title":{"rendered":"Le ministre ivoirien de la D\u00e9fense, Hamed Bakayoko, test\u00e9 positif au Covid-19"},"content":{"rendered":"<div readability=\"32\">\n<p>Publi\u00e9 le 06.04.2020 \u00e0 21h18 par APA News<\/p>\n<\/div>\n<div readability=\"61\">\n<p>Le ministre d\u2019Etat, en charge de la D\u00e9fense en C\u00f4te d\u2019Ivoire, Hamed Bakayoko, annonce avoir \u00e9t\u00e9 test\u00e9 positif au Covid-19 suite \u00e0 un pr\u00e9l\u00e8vement effectu\u00e9 dimanche mais ne pr\u00e9sente aucun signe de la maladie, sur sa page Facebook, une information confirm\u00e9e \u00e0 APA par l\u2019un de ses proches.\u00ab Ce lundi 6 avril 2020, j\u2019ai \u00e9t\u00e9 d\u00e9clar\u00e9 positif au test du Covid-19 suite \u00e0 un pr\u00e9l\u00e8vement effectu\u00e9 dimanche mais ne pr\u00e9sente aucun signe de la maladie \u00bb, \u00e9crit M. Hamed Bakayoko, indiquant que le m\u00e9decin lui a prescrit un confinement auquel il s\u2019est imm\u00e9diatement soumis.<\/p>\n<p>\u00ab C\u2019est l\u2019occasion pour moi de rappeler \u00e0 tous nos concitoyens que le Coronavirus est une maladie r\u00e9elle qui se propage vite \u00bb, lance-t-il, invitant les populations \u00e0 respecter les mesures barri\u00e8res pour emp\u00eacher la propagation du virus.\u00a0<\/p>\n<p>\u00a0Le Premier ministre ivoirien, Amadou Gon Coulibaly, lui, a annonc\u00e9 lundi \u00eatre de retour au bureau, apr\u00e8s 14 jours de confinement d\u00fb \u00e0 un contact avec un cas confirm\u00e9 positif au Covid-19.\u00a0<\/p>\n<p>La C\u00f4te d\u2019Ivoire a enregistr\u00e9 ce lundi 06 avril 2020, 62 nouveaux cas, portant \u00e0 323 le nombre de cas confirm\u00e9s avec 41 cas gu\u00e9ris \u00a0et 03 d\u00e9c\u00e8s.<\/p>\n<\/div>\n<p>Auteur: APA News<br \/>\n<a href=\"https:\/\/www.journalducameroun.com\/le-ministre-ivoirien-de-la-defense-hamed-bakayoko-teste-positif-au-covid-19\/\">Cliquez ici pour lire l&rsquo;article depuis sa source.<\/a><\/p>\n","protected":false},"excerpt":{"rendered":"<p>Publi\u00e9 le 06.04.2020 \u00e0 21h18 par APA News Le ministre d\u2019Etat, en charge de la D\u00e9fense en C\u00f4te d\u2019Ivoire, Hamed Bakayoko, annonce avoir \u00e9t\u00e9 test\u00e9 positif au Covid-19 suite \u00e0 un pr\u00e9l\u00e8vement effectu\u00e9 dimanche mais ne pr\u00e9sente aucun signe de la maladie, sur sa page Facebook, une information confirm\u00e9e \u00e0 APA par l\u2019un de ses [&hellip;]<\/p>\n","protected":false},"author":1965,"featured_media":0,"comment_status":"closed","ping_status":"closed","sticky":false,"template":"","format":"standard","meta":{"fifu_image_url":"","fifu_image_alt":"","footnotes":""},"categories":[73,82],"tags":[],"class_list":["post-81440","post","type-post","status-publish","format-standard","hentry","category-actualite","category-cameroun"],"_links":{"self":[{"href":"https:\/\/linitiative.ca\/International\/wp-json\/wp\/v2\/posts\/81440","targetHints":{"allow":["GET"]}}],"collection":[{"href":"https:\/\/linitiative.ca\/International\/wp-json\/wp\/v2\/posts"}],"about":[{"href":"https:\/\/linitiative.ca\/International\/wp-json\/wp\/v2\/types\/post"}],"author":[{"embeddable":true,"href":"https:\/\/linitiative.ca\/International\/wp-json\/wp\/v2\/users\/1965"}],"replies":[{"embeddable":true,"href":"https:\/\/linitiative.ca\/International\/wp-json\/wp\/v2\/comments?post=81440"}],"version-history":[{"count":0,"href":"https:\/\/linitiative.ca\/International\/wp-json\/wp\/v2\/posts\/81440\/revisions"}],"wp:attachment":[{"href":"https:\/\/linitiative.ca\/International\/wp-json\/wp\/v2\/media?parent=81440"}],"wp:term":[{"taxonomy":"category","embeddable":true,"href":"https:\/\/linitiative.ca\/International\/wp-json\/wp\/v2\/categories?post=81440"},{"taxonomy":"post_tag","embeddable":true,"href":"https:\/\/linitiative.ca\/International\/wp-json\/wp\/v2\/tags?post=81440"}],"curies":[{"name":"wp","href":"https:\/\/api.w.org\/{rel}","templated":true}]}}