{"id":81441,"date":"2020-04-06T16:18:06","date_gmt":"2020-04-06T20:18:06","guid":{"rendered":"https:\/\/linitiative.ca\/International\/nafissatou-ndiaye-diouf-nommee-directrice-de-communication-par-interim-de-la-bad\/"},"modified":"2020-04-06T16:18:06","modified_gmt":"2020-04-06T20:18:06","slug":"nafissatou-ndiaye-diouf-nommee-directrice-de-communication-par-interim-de-la-bad","status":"publish","type":"post","link":"https:\/\/linitiative.ca\/International\/nafissatou-ndiaye-diouf-nommee-directrice-de-communication-par-interim-de-la-bad\/","title":{"rendered":"Nafissatou N\u2019diaye Diouf nomm\u00e9e directrice de communication par int\u00e9rim de la BAD"},"content":{"rendered":"<div readability=\"32\">\n<p>Publi\u00e9 le 06.04.2020 \u00e0 21h18 par APA News<\/p>\n<\/div>\n<div readability=\"119\">\n<p>Le Groupe de la Banque africaine de d\u00e9veloppement (BAD) annonce la nomination de Mme Nafissatou N\u2019diaye Diouf au poste de directrice par int\u00e9rim du d\u00e9partement de la communication et des relations ext\u00e9rieures de l\u2019institution, dans une note transmise lundi \u00e0 APA.Mme Nafissatou Diouf, de nationalit\u00e9 s\u00e9n\u00e9galaise, occupait pr\u00e9c\u00e9demment le poste de cheffe de division au sein du D\u00e9partement de la communication et des relations ext\u00e9rieures (PCER) de la banque. Selon la note, sa nomination est en vigueur depuis le 1er avril 2020.<\/p>\n<p>Elle remplace \u00e0 ce poste Victor Oladokun, chef du d\u00e9partement de la communication et des relations ext\u00e9rieures de l\u2019institution, admis faire valoir ses droits \u00e0 la retraite.<\/p>\n<p>Pour Akinwumi Adesina, \u00ab\u2009Nafissatou Diouf est une professionnelle reconnue dans le secteur de la communication et des relations ext\u00e9rieures \u00bb. Il se dit \u00ab convaincu \u00bb qu\u2019elle \u00ab saura diriger le D\u00e9partement PCER en cette p\u00e9riode critique, o\u00f9 la banque prend des mesures n\u00e9cessaires pour r\u00e9pondre \u00e0 l\u2019\u00e9volution rapide de la situation induite par l\u2019\u00e9pid\u00e9mie de Covid-19. \u00bb<\/p>\n<p>Nafissatou Diouf jouit d\u2019un parcours universitaire de haut niveau et d\u2019une exp\u00e9rience de plus de 20 ans dans les domaines de la communication d\u2019entreprise, des relations publiques, du journalisme et du d\u00e9veloppement num\u00e9rique et m\u00e9diatique.<\/p>\n<p>Nomm\u00e9e cheffe de division du d\u00e9partement communication en 2018, Nafissatou Diouf a install\u00e9 et dirig\u00e9 une \u00e9quipe internationale de r\u00e9dacteurs, \u00e9diteurs et sp\u00e9cialistes du num\u00e9rique et des m\u00e9dias afin de d\u00e9velopper la couverture et la sensibilisation aux objectifs strat\u00e9giques de la banque.<\/p>\n<p>Entre 2016 et 2018, Nafissatou Diouf \u00e9tait consultante en communication au sein du Complexe du secteur priv\u00e9 et de l\u2019infrastructure de la Banque. Avant de rejoindre la BAD, elle a fond\u00e9 et assur\u00e9 la direction g\u00e9n\u00e9rale de l\u2019agence 54 communication, \u00e0 Dakar, au S\u00e9n\u00e9gal, entre 2011 et 2017.<\/p>\n<p>Durant sa carri\u00e8re professionnelle, Nafissatou Diouf \u00a0a occup\u00e9 le poste de directrice r\u00e9gionale des relations publiques pour Francophone Africa ZK Advertising, \u00e0 Johannesburg, en Afrique du Sud, o\u00f9 elle a fait preuve d\u2019une grande aptitude au leadership interculturel.<\/p>\n<p>Cette experte en communication a g\u00e9r\u00e9 des \u00e9quipes compos\u00e9es de professionnels des relations publiques, de directeurs de comptes et de repr\u00e9sentants de pays dans sept pays africains \u2013 Gabon, Niger, Tchad, Madagascar, Burkina Faso, R\u00e9publique d\u00e9mocratique du Congo et R\u00e9publique du Congo.<\/p>\n<p>Avant de travailler dans la communication d\u2019entreprise, Nafissatou Diouf a travaill\u00e9 comme journaliste pour l\u2019agence de presse am\u00e9ricaine Associated Press (AP), couvrant les conflits et les crises internationales en Afrique de l\u2019Ouest et centrale, notamment au Liberia, en C\u00f4te d\u2019Ivoire, en R\u00e9publique d\u00e9mocratique du Congo, au Niger, en Mauritanie et en R\u00e9publique centrafricaine.<\/p>\n<p>Nombre de ses reportages ont \u00e9t\u00e9 publi\u00e9s dans des journaux internationaux tels que le Washington Post, USA Today, le Boston Globe et le LA Times. Nafissatou a \u00e9galement travaill\u00e9 en tant qu\u2019agent charg\u00e9 des logiciels \u00ab Open Source \u00bb pour le Foreign Broadcast Information Service (FBIS), une division de la Direction de la science et de la technologie au sein de l\u2019Agence centrale de renseignement (CIA).<\/p>\n<p>De langue maternelle fran\u00e7aise, Nafissatou Diouf est titulaire d\u2019une ma\u00eetrise en interpr\u00e9tation et traduction de l\u2019universit\u00e9 de Salford au Royaume-Uni, d\u2019une licence en linguistiques appliqu\u00e9es de l\u2019universit\u00e9 de Thames Valley et d\u2019un dipl\u00f4me en journalisme et presse \u00e9crite de la London School of Journalism.<\/p>\n<\/div>\n<p>Auteur: APA News<br \/>\n<a href=\"https:\/\/www.journalducameroun.com\/nafissatou-ndiaye-diouf-nommee-directrice-de-communication-par-interim-de-la-bad\/\">Cliquez ici pour lire l&rsquo;article depuis sa source.<\/a><\/p>\n","protected":false},"excerpt":{"rendered":"<p>Publi\u00e9 le 06.04.2020 \u00e0 21h18 par APA News Le Groupe de la Banque africaine de d\u00e9veloppement (BAD) annonce la nomination de Mme Nafissatou N\u2019diaye Diouf au poste de directrice par int\u00e9rim du d\u00e9partement de la communication et des relations ext\u00e9rieures de l\u2019institution, dans une note transmise lundi \u00e0 APA.Mme Nafissatou Diouf, de nationalit\u00e9 s\u00e9n\u00e9galaise, occupait [&hellip;]<\/p>\n","protected":false},"author":1965,"featured_media":0,"comment_status":"closed","ping_status":"closed","sticky":false,"template":"","format":"standard","meta":{"fifu_image_url":"","fifu_image_alt":"","footnotes":""},"categories":[73,82],"tags":[],"class_list":["post-81441","post","type-post","status-publish","format-standard","hentry","category-actualite","category-cameroun"],"_links":{"self":[{"href":"https:\/\/linitiative.ca\/International\/wp-json\/wp\/v2\/posts\/81441","targetHints":{"allow":["GET"]}}],"collection":[{"href":"https:\/\/linitiative.ca\/International\/wp-json\/wp\/v2\/posts"}],"about":[{"href":"https:\/\/linitiative.ca\/International\/wp-json\/wp\/v2\/types\/post"}],"author":[{"embeddable":true,"href":"https:\/\/linitiative.ca\/International\/wp-json\/wp\/v2\/users\/1965"}],"replies":[{"embeddable":true,"href":"https:\/\/linitiative.ca\/International\/wp-json\/wp\/v2\/comments?post=81441"}],"version-history":[{"count":0,"href":"https:\/\/linitiative.ca\/International\/wp-json\/wp\/v2\/posts\/81441\/revisions"}],"wp:attachment":[{"href":"https:\/\/linitiative.ca\/International\/wp-json\/wp\/v2\/media?parent=81441"}],"wp:term":[{"taxonomy":"category","embeddable":true,"href":"https:\/\/linitiative.ca\/International\/wp-json\/wp\/v2\/categories?post=81441"},{"taxonomy":"post_tag","embeddable":true,"href":"https:\/\/linitiative.ca\/International\/wp-json\/wp\/v2\/tags?post=81441"}],"curies":[{"name":"wp","href":"https:\/\/api.w.org\/{rel}","templated":true}]}}