{"id":81442,"date":"2020-04-06T16:18:09","date_gmt":"2020-04-06T20:18:09","guid":{"rendered":"https:\/\/linitiative.ca\/International\/cote-divoire-covid-19-les-details-du-plan-de-riposte-humanitaire-connus-dici-une-semaine\/"},"modified":"2020-04-06T16:18:09","modified_gmt":"2020-04-06T20:18:09","slug":"cote-divoire-covid-19-les-details-du-plan-de-riposte-humanitaire-connus-dici-une-semaine","status":"publish","type":"post","link":"https:\/\/linitiative.ca\/International\/cote-divoire-covid-19-les-details-du-plan-de-riposte-humanitaire-connus-dici-une-semaine\/","title":{"rendered":"C\u00f4te d\u2019Ivoire\/Covid-19: les d\u00e9tails du Plan de riposte humanitaire connus \u00abd\u2019ici une semaine\u00bb"},"content":{"rendered":"<div readability=\"32\">\n<p>Publi\u00e9 le 06.04.2020 \u00e0 21h18 par APA News<\/p>\n<\/div>\n<div readability=\"83\">\n<p>Les d\u00e9tails du plan de riposte humanitaire contre la maladie \u00e0 Coronavirus seront connus \u00ab d\u2019ici une semaine \u00bb en C\u00f4te d\u2019Ivoire, a annonc\u00e9 lundi \u00e0 Abidjan, Mariatou Kon\u00e9, la ministre ivoirienne de la Solidarit\u00e9, de la coh\u00e9sion sociale et de la lutte contre la pauvret\u00e9.\u00abTous les minist\u00e8res sont pr\u00eats. Les partenaires aussi sont pr\u00eats. Il est question maintenant que nous nous accordons sur les modalit\u00e9s d\u2019op\u00e9rationnalisation de ce plan. D\u2019ici une semaine, vous aurez tous les d\u00e9tails\u00bb, a dit Mme Kon\u00e9 au terme d\u2019une r\u00e9union des acteurs impliqu\u00e9s dans la mise en oeuvre de ce plan de riposte humanitaire.<\/p>\n<p>Selon elle, en situation de confinement comme c\u2019est le cas en raison du Covid-19, les populations vuln\u00e9rables ont besoins de vivres et de non-vivres, mais aussi de prise en charge psychologique , notamment en cas de violences bas\u00e9es sur le genre.<\/p>\n<p>\u00a0\u00abNous essayons d\u2019anticiper pour pouvoir minimiser la vuln\u00e9rabilit\u00e9 des personnes vuln\u00e9rables. Oui, \u00a0il y a des disputes dans des familles. La promiscuit\u00e9 sur une longue p\u00e9riode cr\u00e9\u00e9 des probl\u00e8mes dans certaines familles\u00bb, a expliqu\u00e9 Mme Kon\u00e9.<\/p>\n<p>Avant elle, Philippe Poinsot, le Coordinateur r\u00e9sident du syst\u00e8me des Nations-Unies en C\u00f4te d\u2019Ivoire, a assur\u00e9 \u00e0 son tour que d\u2019ici une semaine, des \u00ab propositions concr\u00e8tes \u00bb seront faites pour la mise en oeuvre de ce plan de riposte humanitaire.<\/p>\n<p>\u00ab Nous avons discut\u00e9 aujourd\u2019hui d\u2019aide alimentaire, de protection sociale, de lutte contre les violences domestiques et nous avons dress\u00e9 un petit panorama d\u2019un certain nombre d\u2019activit\u00e9s qui pourraient \u00eatre men\u00e9es rapidement. D\u2019ici \u00a0une semaine nous esp\u00e9rons revenir vers vous avec des propositions concr\u00e8tes\u00bb, a promis M. Poinsot.<\/p>\n<p>De son c\u00f4t\u00e9, Idriss Traor\u00e9, le Directeur g\u00e9n\u00e9ral de la protection sociale du minist\u00e8re de l\u2019emploi et de la protection sociale, a souhait\u00e9 l\u2019amplification des actions qui sont d\u00e9j\u00e0 faites en faveur des personnes vuln\u00e9rables pendant cette crise sanitaire dans le pays.<\/p>\n<p>La C\u00f4te d\u2019Ivoire a enregistr\u00e9 ce lundi 06 avril 2020, 62 nouveaux cas, portant \u00e0 323 le nombre de cas confirm\u00e9s avec 41 cas gu\u00e9ris \u00a0et 03 d\u00e9c\u00e8s.<\/p>\n<\/div>\n<p>Auteur: APA News<br \/>\n<a href=\"https:\/\/www.journalducameroun.com\/cote-divoire-covid-19-les-details-du-plan-de-riposte-humanitaire-connus-dici-une-semaine\/\">Cliquez ici pour lire l&rsquo;article depuis sa source.<\/a><\/p>\n","protected":false},"excerpt":{"rendered":"<p>Publi\u00e9 le 06.04.2020 \u00e0 21h18 par APA News Les d\u00e9tails du plan de riposte humanitaire contre la maladie \u00e0 Coronavirus seront connus \u00ab d\u2019ici une semaine \u00bb en C\u00f4te d\u2019Ivoire, a annonc\u00e9 lundi \u00e0 Abidjan, Mariatou Kon\u00e9, la ministre ivoirienne de la Solidarit\u00e9, de la coh\u00e9sion sociale et de la lutte contre la pauvret\u00e9.\u00abTous les [&hellip;]<\/p>\n","protected":false},"author":1965,"featured_media":0,"comment_status":"closed","ping_status":"closed","sticky":false,"template":"","format":"standard","meta":{"fifu_image_url":"","fifu_image_alt":"","footnotes":""},"categories":[73,82],"tags":[],"class_list":["post-81442","post","type-post","status-publish","format-standard","hentry","category-actualite","category-cameroun"],"_links":{"self":[{"href":"https:\/\/linitiative.ca\/International\/wp-json\/wp\/v2\/posts\/81442","targetHints":{"allow":["GET"]}}],"collection":[{"href":"https:\/\/linitiative.ca\/International\/wp-json\/wp\/v2\/posts"}],"about":[{"href":"https:\/\/linitiative.ca\/International\/wp-json\/wp\/v2\/types\/post"}],"author":[{"embeddable":true,"href":"https:\/\/linitiative.ca\/International\/wp-json\/wp\/v2\/users\/1965"}],"replies":[{"embeddable":true,"href":"https:\/\/linitiative.ca\/International\/wp-json\/wp\/v2\/comments?post=81442"}],"version-history":[{"count":0,"href":"https:\/\/linitiative.ca\/International\/wp-json\/wp\/v2\/posts\/81442\/revisions"}],"wp:attachment":[{"href":"https:\/\/linitiative.ca\/International\/wp-json\/wp\/v2\/media?parent=81442"}],"wp:term":[{"taxonomy":"category","embeddable":true,"href":"https:\/\/linitiative.ca\/International\/wp-json\/wp\/v2\/categories?post=81442"},{"taxonomy":"post_tag","embeddable":true,"href":"https:\/\/linitiative.ca\/International\/wp-json\/wp\/v2\/tags?post=81442"}],"curies":[{"name":"wp","href":"https:\/\/api.w.org\/{rel}","templated":true}]}}