{"id":81443,"date":"2020-04-06T18:04:59","date_gmt":"2020-04-06T22:04:59","guid":{"rendered":"https:\/\/linitiative.ca\/International\/cameroun-jean-de-dieu-momo-offre-500-000-fcfa-pour-lutter-contre-le-covid-19\/"},"modified":"2020-04-06T18:04:59","modified_gmt":"2020-04-06T22:04:59","slug":"cameroun-jean-de-dieu-momo-offre-500-000-fcfa-pour-lutter-contre-le-covid-19","status":"publish","type":"post","link":"https:\/\/linitiative.ca\/International\/cameroun-jean-de-dieu-momo-offre-500-000-fcfa-pour-lutter-contre-le-covid-19\/","title":{"rendered":"Cameroun : Jean de Dieu Momo offre 500 000 FCFA pour lutter contre le Covid-19"},"content":{"rendered":"<div readability=\"32\">\n<p>Publi\u00e9 le 06.04.2020 \u00e0 23h13 par Christian Djimadeu<\/p>\n<\/div>\n<div readability=\"55\">\n<h2 class=\"c4\">Dans une lettre teint\u00e9e d\u2019humour, le ministre d\u00e9l\u00e9gu\u00e9 aupr\u00e8s du ministre de Justice vient\u00a0 d\u2019annoncer \u00e0 son coll\u00e8gue en charge de la sant\u00e9, son apport au Fonds de solidarit\u00e9 pour la riposte contre le Coronavirus.<\/h2>\n<p class=\"c5\">Un Jean de Dieu Momo tel qu\u2019on le connait comique. Dans sa correspondance au ministre de la Sant\u00e9 publique, Me Momo introduit par un adage qui situe sur le sens de son don. \u2039\u2039 <em>la l\u00e9gende du grand Colibri nous apprend que\u00a0 lorsqu\u2019il y a un incendie dans la for\u00eat, cet oisillon court vers la rivi\u00e8re la plus proche pour prendre une goute d\u2019eau dans son bec pour \u00e9teindre l\u2019incendie; elle dit qu\u2019elle fait sa part et que si chacun des animaux faisait la sienne, l\u2019incendie serait vite maitris\u00e9<\/em> \u203a\u203a, conte le ministre d\u00e9l\u00e9gu\u00e9 au pr\u00e8s celui de la justice.<\/p>\n<p class=\"c5\">Apr\u00e8s cette le\u00e7on, sous forme d\u2019interpellation\u00a0 aux autres personnalit\u00e9s de la R\u00e9publique,\u00a0 Jean de Dieu Momo annonce qu\u2019il offre 500 000 FCFA pour lutter contre le Coronavirus. \u2039\u2039 <em>Il s\u2019agit de ma contribution personnelle aux efforts du gouvernement dans la recherche des solutions scientifiques \u00e0 l\u2019effet d\u2019enrayer la pand\u00e9mie du Coronavirus<\/em> \u203a\u203a<\/p>\n<p class=\"c5\">Faisant le point des contributions au 3 avril dernier, le ministre de la Sant\u00e9 publique avait fait savoir qu\u2019outre le milliard d\u00e9bloqu\u00e9 par le chef de l\u2019\u00c9tat,\u00a0 les apports priv\u00e9s se chiffraient \u00e0 750 millions de FCFA.<\/p>\n<p>A ce jour le Cameroun compte 658 cas d\u2019infections, neuf d\u00e9c\u00e8s et 17 personnes gu\u00e9ries.<\/p>\n<\/div>\n<p>Auteur: Christian DJIMADEU<br \/>\n<a href=\"https:\/\/www.journalducameroun.com\/cameroun-jean-de-dieu-momo-offre-500-000-fcfa-pour-lutter-contre-le-covid-19-cameroun\/\">Cliquez ici pour lire l&rsquo;article depuis sa source.<\/a><\/p>\n","protected":false},"excerpt":{"rendered":"<p>Publi\u00e9 le 06.04.2020 \u00e0 23h13 par Christian Djimadeu Dans une lettre teint\u00e9e d\u2019humour, le ministre d\u00e9l\u00e9gu\u00e9 aupr\u00e8s du ministre de Justice vient\u00a0 d\u2019annoncer \u00e0 son coll\u00e8gue en charge de la sant\u00e9, son apport au Fonds de solidarit\u00e9 pour la riposte contre le Coronavirus. Un Jean de Dieu Momo tel qu\u2019on le connait comique. Dans sa [&hellip;]<\/p>\n","protected":false},"author":1965,"featured_media":0,"comment_status":"closed","ping_status":"closed","sticky":false,"template":"","format":"standard","meta":{"fifu_image_url":"","fifu_image_alt":"","footnotes":""},"categories":[73,82],"tags":[],"class_list":["post-81443","post","type-post","status-publish","format-standard","hentry","category-actualite","category-cameroun"],"_links":{"self":[{"href":"https:\/\/linitiative.ca\/International\/wp-json\/wp\/v2\/posts\/81443","targetHints":{"allow":["GET"]}}],"collection":[{"href":"https:\/\/linitiative.ca\/International\/wp-json\/wp\/v2\/posts"}],"about":[{"href":"https:\/\/linitiative.ca\/International\/wp-json\/wp\/v2\/types\/post"}],"author":[{"embeddable":true,"href":"https:\/\/linitiative.ca\/International\/wp-json\/wp\/v2\/users\/1965"}],"replies":[{"embeddable":true,"href":"https:\/\/linitiative.ca\/International\/wp-json\/wp\/v2\/comments?post=81443"}],"version-history":[{"count":0,"href":"https:\/\/linitiative.ca\/International\/wp-json\/wp\/v2\/posts\/81443\/revisions"}],"wp:attachment":[{"href":"https:\/\/linitiative.ca\/International\/wp-json\/wp\/v2\/media?parent=81443"}],"wp:term":[{"taxonomy":"category","embeddable":true,"href":"https:\/\/linitiative.ca\/International\/wp-json\/wp\/v2\/categories?post=81443"},{"taxonomy":"post_tag","embeddable":true,"href":"https:\/\/linitiative.ca\/International\/wp-json\/wp\/v2\/tags?post=81443"}],"curies":[{"name":"wp","href":"https:\/\/api.w.org\/{rel}","templated":true}]}}