{"id":81444,"date":"2020-04-06T13:25:17","date_gmt":"2020-04-06T17:25:17","guid":{"rendered":"https:\/\/linitiative.ca\/International\/coronavirus-deux-cas-suspects-de-covid-19-a-cfao-technologies\/"},"modified":"2020-04-06T13:25:17","modified_gmt":"2020-04-06T17:25:17","slug":"coronavirus-deux-cas-suspects-de-covid-19-a-cfao-technologies","status":"publish","type":"post","link":"https:\/\/linitiative.ca\/International\/coronavirus-deux-cas-suspects-de-covid-19-a-cfao-technologies\/","title":{"rendered":"Coronavirus : deux cas suspects de Covid-19  \u00e0 CFAO Technologies"},"content":{"rendered":"<p>Comme des milliers d\u2019entreprises camerounaises, Cfao Technologies n\u2019est gu\u00e8re \u00e9pargn\u00e9e par le ph\u00e9nom\u00e8ne sanitaire Coronavirus. L\u2019entreprise, dont le d\u00e9funt milliardaire Jean Samuel Noutchogouin est l\u2019un des plus gros actionnaires, est secou\u00e9e depuis le 31 mars 2020 par une terrible nouvelle : deux cas suspects de covid-19 au sein de son personnel d\u2019Akwa \u00e0 Douala. De bonnes sources, les cas suspects pr\u00e9sentent les signes et sympt\u00f4mes de la maladie.<\/p>\n<p>Pourtant, l\u2019entreprise n\u2019a pas l\u00e9sin\u00e9 sur les mesures barri\u00e8res contre le Covid-19 qui se propage depuis plusieurs jours de mani\u00e8re exponentielle. Mise en cong\u00e9 technique du personnel, baisse d\u2019activit\u00e9s, t\u00e9l\u00e9travail, achats d\u2019\u00e9quipements de protection sanitaire individuelle, sont entre autres des mesures mises en \u0153uvre par le top management pour lutter contre la propagation de ce virus.<\/p>\n<p>Nos sources indiquent que malgr\u00e9 toutes ces pr\u00e9cautions en interne, les deux employ\u00e9s pourraient avoir \u00e9t\u00e9 contamin\u00e9s apr\u00e8s \u00eatre entr\u00e9s en contact avec des individus externes au service Cfao Technologies.<\/p>\n<p>Sans r\u00e9v\u00e9ler leurs identit\u00e9s, les m\u00eames sources font \u00e9tat de ce que les deux employ\u00e9s occupent des postes de responsabilit\u00e9 dans cette entreprise sp\u00e9cialis\u00e9e dans la conception, la r\u00e9alisation et la commercialisation des logiciels, solutions informatiques, ordinateurs, services et conseils, installation et maintenance des ascenseurs, transition \u00e9nerg\u00e9tique\u2026<\/p>\n<p>Dans ses locaux, le 1er avril 2020, nous avons pu constater que le service se poursuivait normalement, malgr\u00e9 la psychose et les inqui\u00e9tudes perceptibles chez le personnel et les clients. La surveillance s\u2019est accrue : toute personne se pr\u00e9sentant dans les locaux de Cfao Technologies \u00e0 Akwa doit obligatoirement faire patte blanche. EcoMatin a \u00e9galement appris que la direction g\u00e9n\u00e9rale a d\u00e9cid\u00e9 d\u2019engager une op\u00e9ration g\u00e9n\u00e9rale de d\u00e9pistage du covid-19 dans toutes ses agences du Cameroun. Les mesures barri\u00e8res seront \u00e9galement renforc\u00e9es, selon la m\u00eame source.<\/p>\n<p>Plus de 1 000 employ\u00e9s sont concern\u00e9s par cette op\u00e9ration. Ce sujet avait d\u2019ailleurs d\u00e9j\u00e0 \u00e9t\u00e9 \u00e9voqu\u00e9 lors d\u2019une importante r\u00e9union de synth\u00e8se tenue le 12 mars 2020. Avec les deux cas suspects, le top management de Cfao Technologies prend d\u00e9sormais la mesure du danger sanitaire qui r\u00f4de autour de ses activit\u00e9s au Cameroun.<\/p>\n<div class=\"awac-wrapper awac widget posts-list-widget-13\">\n<h4 class=\"widget-title\">Recent Posts<\/h4>\n<\/div>\n<p>Auteur: EcoMatin<br \/>\n<a href=\"https:\/\/ecomatin.net\/coronavirus-deux-cas-suspects-de-covid-19-a-cfao-technologies\/\">Cliquez ici pour lire l&rsquo;article depuis sa source.<\/a><\/p>\n","protected":false},"excerpt":{"rendered":"<p>Comme des milliers d\u2019entreprises camerounaises, Cfao Technologies n\u2019est gu\u00e8re \u00e9pargn\u00e9e par le ph\u00e9nom\u00e8ne sanitaire Coronavirus. L\u2019entreprise, dont le d\u00e9funt milliardaire Jean Samuel Noutchogouin est l\u2019un des plus gros actionnaires, est secou\u00e9e depuis le 31 mars 2020 par une terrible nouvelle : deux cas suspects de covid-19 au sein de son personnel d\u2019Akwa \u00e0 Douala. De [&hellip;]<\/p>\n","protected":false},"author":1969,"featured_media":0,"comment_status":"closed","ping_status":"closed","sticky":false,"template":"","format":"standard","meta":{"fifu_image_url":"","fifu_image_alt":"","footnotes":""},"categories":[82,78],"tags":[],"class_list":["post-81444","post","type-post","status-publish","format-standard","hentry","category-cameroun","category-economie"],"_links":{"self":[{"href":"https:\/\/linitiative.ca\/International\/wp-json\/wp\/v2\/posts\/81444","targetHints":{"allow":["GET"]}}],"collection":[{"href":"https:\/\/linitiative.ca\/International\/wp-json\/wp\/v2\/posts"}],"about":[{"href":"https:\/\/linitiative.ca\/International\/wp-json\/wp\/v2\/types\/post"}],"author":[{"embeddable":true,"href":"https:\/\/linitiative.ca\/International\/wp-json\/wp\/v2\/users\/1969"}],"replies":[{"embeddable":true,"href":"https:\/\/linitiative.ca\/International\/wp-json\/wp\/v2\/comments?post=81444"}],"version-history":[{"count":0,"href":"https:\/\/linitiative.ca\/International\/wp-json\/wp\/v2\/posts\/81444\/revisions"}],"wp:attachment":[{"href":"https:\/\/linitiative.ca\/International\/wp-json\/wp\/v2\/media?parent=81444"}],"wp:term":[{"taxonomy":"category","embeddable":true,"href":"https:\/\/linitiative.ca\/International\/wp-json\/wp\/v2\/categories?post=81444"},{"taxonomy":"post_tag","embeddable":true,"href":"https:\/\/linitiative.ca\/International\/wp-json\/wp\/v2\/tags?post=81444"}],"curies":[{"name":"wp","href":"https:\/\/api.w.org\/{rel}","templated":true}]}}