{"id":81450,"date":"2020-04-07T07:29:40","date_gmt":"2020-04-07T11:29:40","guid":{"rendered":"https:\/\/linitiative.ca\/International\/tanger-les-hoteliers-sorganisent-face-au-covid-19\/"},"modified":"2020-04-07T07:29:40","modified_gmt":"2020-04-07T11:29:40","slug":"tanger-les-hoteliers-sorganisent-face-au-covid-19","status":"publish","type":"post","link":"https:\/\/linitiative.ca\/International\/tanger-les-hoteliers-sorganisent-face-au-covid-19\/","title":{"rendered":"Tanger : Les h\u00f4teliers s\u2019organisent face au Covid-19"},"content":{"rendered":"<p><img decoding=\"async\" class=\"post_layout_5_img\" src=\"http:\/\/aujourdhui.ma\/wp-content\/uploads\/2020\/04\/Tanger-Les-h\u00f4teliers-s\u2019organisent-face-au-Covid-19.jpg?x29840\" alt=\"Tanger : Les h&#xF4;teliers s&#x2019;organisent face au Covid-19\"\/><\/p>\n<p><span class=\"c4\"><strong>Les professionnels appellent \u00e0 penser l\u2019apr\u00e8s-crise<\/strong><\/span><span id=\"more-340388\"\/><\/p>\n<div class=\"base-box mom_box_sc_custom mom_box_sc clear c5\" readability=\"9\">\n<p><strong>\u00abNous avons proc\u00e9d\u00e9 \u00e0 l\u2019organisation des s\u00e9ances de formation et de sensibilisation au profit des personnels des \u00e9tablissements h\u00f4teliers sur les r\u00e8gles d\u2019hygi\u00e8ne et les mesures \u00e0 prendre face au coronavirus\u00bb.<\/strong><\/p>\n<\/div>\n<p>Bien avant l\u2019entr\u00e9e en vigueur des r\u00e8gles du confinement g\u00e9n\u00e9ralis\u00e9, les h\u00f4teliers de Tanger ont fait preuve d\u2019un sens de responsabilit\u00e9 et de professionnalisme \u00e0 travers la mise en place des mesures pr\u00e9ventives visant \u00e0 pr\u00e9server la sant\u00e9 et la s\u00e9curit\u00e9 de leurs collaborateurs et de leur client\u00e8le. Ces mesures viennent d\u2019\u00eatre compl\u00e9t\u00e9es par des actions solidaires men\u00e9es par les professionnels en coordination avec les autorit\u00e9s locales et les institutions partenaires concern\u00e9es. \u00abNous restons, en tant que professionnels de l\u2019h\u00f4tellerie, mobilis\u00e9s avec l\u2019Etat pour d\u00e9passer cette crise.<\/p>\n<p>Nous avons proc\u00e9d\u00e9 \u00e0 l\u2019organisation des s\u00e9ances de formation et de sensibilisation au profit des personnels des \u00e9tablissements h\u00f4teliers sur les r\u00e8gles d\u2019hygi\u00e8ne et les mesures \u00e0 prendre face au coronavirus. Nous avons fait de m\u00eame en faveur des h\u00f4teliers pour les inviter \u00e0 plus de solidarit\u00e9 face \u00e0 l\u2019\u00e9pid\u00e9mie\u00bb, indique Ali El Kadiri, pr\u00e9sident de l\u2019Association r\u00e9gionale des h\u00f4teliers de la r\u00e9gion de Tanger-T\u00e9touan-Al Hoceima (ARIH-TTA), tout en appelant \u00e0 penser au post-coronavirus avec la mise en place des mesures exceptionnelles pour pouvoir aider au redressement du secteur, consid\u00e9r\u00e9 parmi les plus s\u00e9v\u00e8rement impact\u00e9s pendant cette crise sanitaire<\/p>\n<p>.<br \/>Il est \u00e0 pr\u00e9ciser que l\u2019ARIH-TTA a organis\u00e9 avec le soutien la d\u00e9l\u00e9gation provinciale du tourisme et en collaboration avec l\u2019Institut Pasteur des journ\u00e9es de sensibilisation et pr\u00e9vention au profit des personnels des \u00e9tablissements h\u00e9bergements touristique de la vile face \u00e0 l\u2019\u00e9pid\u00e9mie du coronavirus, et ce \u00e0 quelques jours de l\u2019entr\u00e9e en vigueur de l\u2019\u00e9tat d\u2019urgence sanitaire au Maroc. Cette manifestation de trois jours a permis d\u2019informer les b\u00e9n\u00e9ficiaires sur ce nouveau virus, d\u2019\u00e9tablir les signes et les sympt\u00f4mes de cette maladie ainsi que les gestes \u00e0 adopter et les moyens \u00e0 utiliser pour y faire face.<\/p>\n<p>Il est \u00e0 noter que les h\u00f4teliers de la r\u00e9gion en g\u00e9n\u00e9ral et de Tanger en particulier ont \u00e9t\u00e9 les premiers \u00e0 annoncer leur participation au mouvement de solidarit\u00e9 men\u00e9 au niveau national face au Covid-19. Ils ont d\u00e9cid\u00e9 de se mobiliser en vue de garantir l\u2019h\u00e9bergement des personnels m\u00e9dicaux \u0153uvrant en premi\u00e8re ligne dans la lutte contre cette \u00e9pid\u00e9mie. Au niveau de la ville du d\u00e9troit, cette action solidaire, qui est men\u00e9e en coordination avec la wilaya de la r\u00e9gion de Tanger-T\u00e9touan-Al Hoceima et la contribution d\u2019une commission r\u00e9gionale du minist\u00e8re du tourisme, consiste \u00e0 mettre \u00e0 la disposition des membres au corps soignant plus de 700 chambres r\u00e9parties sur des h\u00f4tels class\u00e9s ainsi que des r\u00e9sidences touristiques. Ce qui permet aux b\u00e9n\u00e9ficiaires de cette initiative de mener leur bataille face au coronavirus, sans exposer leurs familles aux risques de contamination par cette \u00e9pid\u00e9mie.<\/p>\n<p>Auteur: Najat Fa\u00efssal<br \/>\n<a href=\"http:\/\/aujourdhui.ma\/societe\/tanger-les-hoteliers-sorganisent-face-au-covid-19\">Cliquez ici pour lire l&rsquo;article depuis sa source.<\/a><\/p>\n","protected":false},"excerpt":{"rendered":"<p>Les professionnels appellent \u00e0 penser l\u2019apr\u00e8s-crise \u00abNous avons proc\u00e9d\u00e9 \u00e0 l\u2019organisation des s\u00e9ances de formation et de sensibilisation au profit des personnels des \u00e9tablissements h\u00f4teliers sur les r\u00e8gles d\u2019hygi\u00e8ne et les mesures \u00e0 prendre face au coronavirus\u00bb. Bien avant l\u2019entr\u00e9e en vigueur des r\u00e8gles du confinement g\u00e9n\u00e9ralis\u00e9, les h\u00f4teliers de Tanger ont fait preuve d\u2019un [&hellip;]<\/p>\n","protected":false},"author":1759,"featured_media":0,"comment_status":"closed","ping_status":"closed","sticky":false,"template":"","format":"standard","meta":{"fifu_image_url":"","fifu_image_alt":"","footnotes":""},"categories":[73,54],"tags":[],"class_list":["post-81450","post","type-post","status-publish","format-standard","hentry","category-actualite","category-maroc"],"_links":{"self":[{"href":"https:\/\/linitiative.ca\/International\/wp-json\/wp\/v2\/posts\/81450","targetHints":{"allow":["GET"]}}],"collection":[{"href":"https:\/\/linitiative.ca\/International\/wp-json\/wp\/v2\/posts"}],"about":[{"href":"https:\/\/linitiative.ca\/International\/wp-json\/wp\/v2\/types\/post"}],"author":[{"embeddable":true,"href":"https:\/\/linitiative.ca\/International\/wp-json\/wp\/v2\/users\/1759"}],"replies":[{"embeddable":true,"href":"https:\/\/linitiative.ca\/International\/wp-json\/wp\/v2\/comments?post=81450"}],"version-history":[{"count":0,"href":"https:\/\/linitiative.ca\/International\/wp-json\/wp\/v2\/posts\/81450\/revisions"}],"wp:attachment":[{"href":"https:\/\/linitiative.ca\/International\/wp-json\/wp\/v2\/media?parent=81450"}],"wp:term":[{"taxonomy":"category","embeddable":true,"href":"https:\/\/linitiative.ca\/International\/wp-json\/wp\/v2\/categories?post=81450"},{"taxonomy":"post_tag","embeddable":true,"href":"https:\/\/linitiative.ca\/International\/wp-json\/wp\/v2\/tags?post=81450"}],"curies":[{"name":"wp","href":"https:\/\/api.w.org\/{rel}","templated":true}]}}