{"id":81453,"date":"2020-04-07T10:34:13","date_gmt":"2020-04-07T14:34:13","guid":{"rendered":"https:\/\/linitiative.ca\/International\/rabat-sale-kenitra-200-000-quintaux-dorge-subventionnee-au-profit-des-eleveurs\/"},"modified":"2020-04-07T10:34:13","modified_gmt":"2020-04-07T14:34:13","slug":"rabat-sale-kenitra-200-000-quintaux-dorge-subventionnee-au-profit-des-eleveurs","status":"publish","type":"post","link":"https:\/\/linitiative.ca\/International\/rabat-sale-kenitra-200-000-quintaux-dorge-subventionnee-au-profit-des-eleveurs\/","title":{"rendered":"Rabat-Sal\u00e9-K\u00e9nitra : 200.000 quintaux d\u2019orge subventionn\u00e9e au profit des \u00e9leveurs"},"content":{"rendered":"<p><img decoding=\"async\" class=\"post_layout_5_img\" src=\"http:\/\/aujourdhui.ma\/wp-content\/uploads\/2016\/04\/Agriculture-Orge-Ble.jpg?x29840\" alt=\"Rabat-Sal&#xE9;-K&#xE9;nitra : 200.000 quintaux d&#x2019;orge subventionn&#xE9;e au profit des &#xE9;leveurs\"\/><\/p>\n<p><span class=\"c4\"><strong>La Direction provinciale de l\u2019agriculture (DRA) de la r\u00e9gion de Rabat-Sal\u00e9-K\u00e9nitra a indiqu\u00e9 avoir mis \u00e0 disposition une quantit\u00e9 de 200.000 quintaux (qx) d\u2019orge subventionn\u00e9e pour la sauvegarde du cheptel, au profit des \u00e9leveurs des zones affect\u00e9es par le d\u00e9ficit des pluies.<\/strong><\/span><\/p>\n<p><span id=\"more-340429\"\/><br \/>Cette op\u00e9ration s\u2019inscrit dans le cadre des mesures prises par le minist\u00e8re de l\u2019Agriculture, de la p\u00eache maritime, du d\u00e9veloppement rural et des eaux et for\u00eats visant \u00e0 all\u00e9ger l\u2019impact n\u00e9gatif du d\u00e9ficit pluviom\u00e9trique au titre de l\u2019actuelle saison agricole, \u00e0 travers la distribution de 2,5 millions de quintaux d\u2019orge subventionn\u00e9e au profit des \u00e9leveurs des zones touch\u00e9es par le manque de pr\u00e9cipitations au niveau national, indique un communiqu\u00e9 de la DRA.<\/p>\n<p>Elle vise \u00e0 fournir de l\u2019orge aux \u00e9leveurs \u00e0 un prix fixe de 2 dirhams le kilogramme, tandis que l\u2019\u00c9tat prend en charge la diff\u00e9rence avec le prix du march\u00e9, ainsi que les frais du transport depuis les points de vente vers les chefs-lieux de certaines communes, pr\u00e9cise la m\u00eame source, notant que pour mettre en \u0153uvre le programme, il a \u00e9t\u00e9 proc\u00e9d\u00e9 \u00e0 la mise en place de sept centres de proximit\u00e9 au niveau de la r\u00e9gion \u00e0 Kh\u00e9misset, Roumani, Oulm\u00e8s, Sidi Yahya-Zae\u00efr, Sidi Slimane, Sidi Kacem et Sidi Allal Tazi.<\/p>\n<p>Les diff\u00e9rents services r\u00e9gionaux relevant du secteur de l\u2019Agriculture, les instances qui en d\u00e9pendent au plan provincial, particuli\u00e8rement la DRA, la Chambre agricole r\u00e9gionale, l\u2019Office r\u00e9gional de mise en valeur agricole du Gharb (ORMVAG), la direction r\u00e9gionale du conseil agricole, la direction r\u00e9gionale de s\u00e9curit\u00e9 sanitaire des produits alimentaires, le service r\u00e9gional de l\u2019Office national interprofessionnel des c\u00e9r\u00e9ales et des l\u00e9gumineuses et les directions provinciales de l\u2019agriculture de Kh\u00e9misset, Rabat et Sidi Kacem, adh\u00e8rent \u00e0 ce processus afin de r\u00e9ussir l\u2019op\u00e9ration, ajoute le communiqu\u00e9.<\/p>\n<p>Il a \u00e9t\u00e9 proc\u00e9d\u00e9 \u00e0 cet \u00e9gard \u00e0 la cr\u00e9ation de commissions provinciales et locales compos\u00e9es des autorit\u00e9s locales et des repr\u00e9sentants de la Chambre agricole r\u00e9gionale et des services d\u00e9centralis\u00e9s du d\u00e9partement de l\u2019Agriculture qui veilleront \u00e0 la mise en \u0153uvre et au suivi des op\u00e9rations de distribution de l\u2019orge, \u00e0 travers l\u2019\u00e9laboration des listes des b\u00e9n\u00e9ficiaires et la fixation des quantit\u00e9s d\u2019orge attribu\u00e9es \u00e0 chaque \u00e9leveur selon des crit\u00e8res pr\u00e9\u00e9tablis, en application de la circulaire conjointe du minist\u00e8re de l\u2019Agriculture, de la p\u00eache maritime, du d\u00e9veloppement rural et des eaux et for\u00eats et celui de l\u2019Int\u00e9rieur.<br \/>L\u2019op\u00e9ration de distribution au niveau des r\u00e9gions les plus touch\u00e9es par le d\u00e9ficit pluviom\u00e9trique a \u00e9t\u00e9 lanc\u00e9e vendredi dernier \u00e0 Kh\u00e9misset, Romani, Oulm\u00e8s et Sidi Yahya-Zae\u00efr, tandis que les centres de relais de proximit\u00e9 de Sidi Slimane, Sidi Kacem et Sidi Allal Tazi seront approvisionn\u00e9s d\u00e8s mercredi 8 avril.<\/p>\n<p>Par ailleurs, malgr\u00e9 le d\u00e9ficit de pluies dans certaines r\u00e9gions, les autres produits agricoles tels que les l\u00e9gumes, les fruits et les arbres fruitiers se trouvent \u00ab\u00a0en bon \u00e9tat\u00a0\u00bb gr\u00e2ce aux derni\u00e8res pr\u00e9cipitations qui ont eu un impact b\u00e9n\u00e9fique particuli\u00e8rement dans les zones c\u00f4ti\u00e8res dont le Gharb, connu par ce genre de cultures, ajoute le communiqu\u00e9, relevant que l\u2019offre dans le march\u00e9 d\u00e9passe de loin la demande.<br \/>A ce propos, les cultures printani\u00e8res ont enregistr\u00e9 un taux de r\u00e9alisation de plus de 50%, selon la m\u00eame source.<br \/>S\u2019agissant de l\u2019\u00e9tat d\u2019urgence sanitaire visant \u00e0 freiner la propagation du Covid-19, la DRA de Rabat-Sal\u00e9-K\u00e9nitra a mis en place une commission charg\u00e9e du suivi quotidien de l\u2019\u00e9tat du secteur agricole dans la r\u00e9gion en vue de lutter contre les impacts n\u00e9gatifs sur les agriculteurs et les \u00e9leveurs.<\/p>\n<p>Auteur: ALM<br \/>\n<a href=\"http:\/\/aujourdhui.ma\/economie\/rabat-sale-kenitra-200-000-quintaux-dorge-subventionnee-au-profit-des-eleveurs\">Cliquez ici pour lire l&rsquo;article depuis sa source.<\/a><\/p>\n","protected":false},"excerpt":{"rendered":"<p>La Direction provinciale de l\u2019agriculture (DRA) de la r\u00e9gion de Rabat-Sal\u00e9-K\u00e9nitra a indiqu\u00e9 avoir mis \u00e0 disposition une quantit\u00e9 de 200.000 quintaux (qx) d\u2019orge subventionn\u00e9e pour la sauvegarde du cheptel, au profit des \u00e9leveurs des zones affect\u00e9es par le d\u00e9ficit des pluies. Cette op\u00e9ration s\u2019inscrit dans le cadre des mesures prises par le minist\u00e8re de [&hellip;]<\/p>\n","protected":false},"author":1759,"featured_media":0,"comment_status":"closed","ping_status":"closed","sticky":false,"template":"","format":"standard","meta":{"fifu_image_url":"","fifu_image_alt":"","footnotes":""},"categories":[73,54],"tags":[],"class_list":["post-81453","post","type-post","status-publish","format-standard","hentry","category-actualite","category-maroc"],"_links":{"self":[{"href":"https:\/\/linitiative.ca\/International\/wp-json\/wp\/v2\/posts\/81453","targetHints":{"allow":["GET"]}}],"collection":[{"href":"https:\/\/linitiative.ca\/International\/wp-json\/wp\/v2\/posts"}],"about":[{"href":"https:\/\/linitiative.ca\/International\/wp-json\/wp\/v2\/types\/post"}],"author":[{"embeddable":true,"href":"https:\/\/linitiative.ca\/International\/wp-json\/wp\/v2\/users\/1759"}],"replies":[{"embeddable":true,"href":"https:\/\/linitiative.ca\/International\/wp-json\/wp\/v2\/comments?post=81453"}],"version-history":[{"count":0,"href":"https:\/\/linitiative.ca\/International\/wp-json\/wp\/v2\/posts\/81453\/revisions"}],"wp:attachment":[{"href":"https:\/\/linitiative.ca\/International\/wp-json\/wp\/v2\/media?parent=81453"}],"wp:term":[{"taxonomy":"category","embeddable":true,"href":"https:\/\/linitiative.ca\/International\/wp-json\/wp\/v2\/categories?post=81453"},{"taxonomy":"post_tag","embeddable":true,"href":"https:\/\/linitiative.ca\/International\/wp-json\/wp\/v2\/tags?post=81453"}],"curies":[{"name":"wp","href":"https:\/\/api.w.org\/{rel}","templated":true}]}}